{"id":939,"date":"2020-05-31T11:29:44","date_gmt":"2020-05-31T14:29:44","guid":{"rendered":"https:\/\/slz612.com.br\/?p=939"},"modified":"2020-05-31T11:29:44","modified_gmt":"2020-05-31T14:29:44","slug":"parques-e-templos-religiosos-comecam-a-ser-reabertos","status":"publish","type":"post","link":"https:\/\/slz612.com.br\/index.php\/2020\/05\/31\/parques-e-templos-religiosos-comecam-a-ser-reabertos\/","title":{"rendered":"Parques e templos religiosos come\u00e7am a ser reabertos"},"content":{"rendered":"<div id=\"attachment_940\" style=\"width: 650px\" class=\"wp-caption aligncenter\"><img aria-describedby=\"caption-attachment-940\" loading=\"lazy\" class=\"size-full wp-image-940\" src=\"https:\/\/slz612.com.br\/wp-content\/uploads\/2020\/05\/parque-da-cidade-tony-winston-agbrasilia.jpg\" alt=\"\" width=\"640\" height=\"425\" srcset=\"https:\/\/slz612.com.br\/wp-content\/uploads\/2020\/05\/parque-da-cidade-tony-winston-agbrasilia.jpg 640w, https:\/\/slz612.com.br\/wp-content\/uploads\/2020\/05\/parque-da-cidade-tony-winston-agbrasilia-300x199.jpg 300w, https:\/\/slz612.com.br\/wp-content\/uploads\/2020\/05\/parque-da-cidade-tony-winston-agbrasilia-452x300.jpg 452w\" sizes=\"(max-width: 640px) 100vw, 640px\" \/><p id=\"caption-attachment-940\" class=\"wp-caption-text\">Parques p\u00fablicos ser\u00e3o reabertos, mas com aten\u00e7\u00e3o\u00a0<\/p><\/div>\n<p>Parques e templos religiosos voltar\u00e3o a funcionar no Distrito Federal a partir da pr\u00f3xima quarta-feira (3).\u00a0<a href=\"https:\/\/static.congressoemfoco.uol.com.br\/2020\/05\/decreto-parques-e-igrejas.pdf\"><strong>Decreto publicado<\/strong>\u00a0<\/a>neste s\u00e1bado (30) pelo governador\u00a0<a href=\"https:\/\/congressoemfoco.uol.com.br\/educacao\/ibaneis-passa-por-cirurgia-de-emergencia\/\"><strong>Ibaneis Rocha<\/strong><\/a>\u00a0(MDB) autoriza a realiza\u00e7\u00e3o de cultos, missas e rituais religiosos com algumas restri\u00e7\u00f5es. Os frequentadores de parques tamb\u00e9m ter\u00e3o de adotar medidas de\u00a0<a href=\"https:\/\/congressoemfoco.uol.com.br\/saude\/coronavirus-os-principais-fato-sobre-a-pandemia-hoje\/\"><strong>preven\u00e7\u00e3o \u00e0 covid-19<\/strong><\/a>. Em ambos os casos o uso de m\u00e1scara ser\u00e1 obrigat\u00f3rio.<\/p>\n<p>A norma faz parte da estrat\u00e9gia do governo do Distrito Federal de autorizar a retomada das atividades de maneira gradativa. Na \u00faltima quarta-feira (27) os shopping centers reabriram. V\u00e1rias lojas tamb\u00e9m j\u00e1 foram liberadas.<\/p>\n<p>Pela manh\u00e3, Ibaneis justificou sua decis\u00e3o de liberar parques e igrejas. \u201cNingu\u00e9m pega transporte p\u00fablico para ir para a uma igreja: vai perto de casa. Parque \u00e9 a mesma coisa\u201d, disse \u00e0 imprensa local.<\/p>\n<p>De acordo com balan\u00e7o divulgado nessa sexta-feira pela Secretaria de Sa\u00fade, o Distrito Federal soma 8.722 casos do novo coronav\u00edrus e 154 mortes decorrentes da doen\u00e7a.<\/p>\n<p>Segundo o decreto, os eventos religiosos dever\u00e3o ser realizados, preferencialmente, em locais com capacidade para mais de 200 pessoas. Os templos dever\u00e3o oferecer aos fi\u00e9is produtos para higieniza\u00e7\u00e3o das m\u00e3os e dos cal\u00e7ados e aferir a temperatura deles na entrada. Pessoas com mais de 60 anos e crian\u00e7as com menos de 12 n\u00e3o poder\u00e3o participar. Devem ser mantidas fileiras de assentos vazias. Cada fiel dever\u00e1 ficar distante no m\u00ednimo um metro e meio do outro. No Parque da Cidade, o maior do pa\u00eds,\u00a0 ser\u00e1 vedada a circula\u00e7\u00e3o de ve\u00edculos.<\/p>\n<p>Nos parques, que poder\u00e3o funcionar das 6h \u00e0s 21, ser\u00e3o liberadas apenas as pistas de corrida e de bicicleta. \u00c1reas de poss\u00edvel aglomera\u00e7\u00e3o como bebedouros, equipamentos de gin\u00e1stica e bebedouros ficar\u00e3o interditados.<\/p>\n<p>Ibaneis recebeu alta hospitalar hoje e foi direto para sua casa no Lago Sul, onde deu entrevista. O governador foi submetido a uma\u00a0<a href=\"https:\/\/congressoemfoco.uol.com.br\/educacao\/ibaneis-passa-por-cirurgia-de-emergencia\/\"><strong>cirurgia de emerg\u00eancia<\/strong>\u00a0<\/a>na madrugada de ter\u00e7a-feira (26) ap\u00f3s sentir fortes dores abdominais. Segundo os m\u00e9dicos, ele teve perfura\u00e7\u00e3o no intestino provocada por um osso de galinha.<\/p>\n<p>Materia completa em https:\/\/congressoemfoco.uol.com.br<\/p>\n<p>&nbsp;<\/p>\n","protected":false},"excerpt":{"rendered":"<p>Parques e templos religiosos voltar\u00e3o a funcionar no Distrito Federal a partir da pr\u00f3xima quarta-feira (3).\u00a0Decreto publicado\u00a0neste s\u00e1bado (30) pelo governador\u00a0Ibaneis Rocha\u00a0(MDB) autoriza a realiza\u00e7\u00e3o de cultos, missas e rituais religiosos com algumas restri\u00e7\u00f5es. Os frequentadores de parques tamb\u00e9m ter\u00e3o &hellip; <a href=\"https:\/\/slz612.com.br\/index.php\/2020\/05\/31\/parques-e-templos-religiosos-comecam-a-ser-reabertos\/\">Continue lendo <span class=\"meta-nav\">&rarr;<\/span><\/a><\/p>\n","protected":false},"author":1,"featured_media":0,"comment_status":"open","ping_status":"open","sticky":false,"template":"","format":"standard","meta":[],"categories":[1],"tags":[],"_links":{"self":[{"href":"https:\/\/slz612.com.br\/index.php\/wp-json\/wp\/v2\/posts\/939"}],"collection":[{"href":"https:\/\/slz612.com.br\/index.php\/wp-json\/wp\/v2\/posts"}],"about":[{"href":"https:\/\/slz612.com.br\/index.php\/wp-json\/wp\/v2\/types\/post"}],"author":[{"embeddable":true,"href":"https:\/\/slz612.com.br\/index.php\/wp-json\/wp\/v2\/users\/1"}],"replies":[{"embeddable":true,"href":"https:\/\/slz612.com.br\/index.php\/wp-json\/wp\/v2\/comments?post=939"}],"version-history":[{"count":1,"href":"https:\/\/slz612.com.br\/index.php\/wp-json\/wp\/v2\/posts\/939\/revisions"}],"predecessor-version":[{"id":941,"href":"https:\/\/slz612.com.br\/index.php\/wp-json\/wp\/v2\/posts\/939\/revisions\/941"}],"wp:attachment":[{"href":"https:\/\/slz612.com.br\/index.php\/wp-json\/wp\/v2\/media?parent=939"}],"wp:term":[{"taxonomy":"category","embeddable":true,"href":"https:\/\/slz612.com.br\/index.php\/wp-json\/wp\/v2\/categories?post=939"},{"taxonomy":"post_tag","embeddable":true,"href":"https:\/\/slz612.com.br\/index.php\/wp-json\/wp\/v2\/tags?post=939"}],"curies":[{"name":"wp","href":"https:\/\/api.w.org\/{rel}","templated":true}]}}