{"id":932,"date":"2020-05-28T09:25:25","date_gmt":"2020-05-28T12:25:25","guid":{"rendered":"https:\/\/slz612.com.br\/?p=932"},"modified":"2020-05-28T18:18:29","modified_gmt":"2020-05-28T21:18:29","slug":"apresentador-da-globo-deixa-emissora-apos-24-anos-de-trabalho","status":"publish","type":"post","link":"https:\/\/slz612.com.br\/index.php\/2020\/05\/28\/apresentador-da-globo-deixa-emissora-apos-24-anos-de-trabalho\/","title":{"rendered":"Apresentador da Globo deixa emissora ap\u00f3s 24 anos de trabalho"},"content":{"rendered":"<div id=\"attachment_933\" style=\"width: 1210px\" class=\"wp-caption aligncenter\"><img aria-describedby=\"caption-attachment-933\" loading=\"lazy\" class=\"size-full wp-image-933\" src=\"https:\/\/slz612.com.br\/wp-content\/uploads\/2020\/05\/Zeca-Camargo.jpg\" alt=\"\" width=\"1200\" height=\"799\" srcset=\"https:\/\/slz612.com.br\/wp-content\/uploads\/2020\/05\/Zeca-Camargo.jpg 1200w, https:\/\/slz612.com.br\/wp-content\/uploads\/2020\/05\/Zeca-Camargo-300x200.jpg 300w, https:\/\/slz612.com.br\/wp-content\/uploads\/2020\/05\/Zeca-Camargo-1024x682.jpg 1024w, https:\/\/slz612.com.br\/wp-content\/uploads\/2020\/05\/Zeca-Camargo-768x511.jpg 768w, https:\/\/slz612.com.br\/wp-content\/uploads\/2020\/05\/Zeca-Camargo-451x300.jpg 451w\" sizes=\"(max-width: 1200px) 100vw, 1200px\" \/><p id=\"caption-attachment-933\" class=\"wp-caption-text\">Zeca Camargo apresentou varioa programaa na Globo, inckusive o Fant\u00e1stico<\/p><\/div>\n<p>Zeca Camargo falou sobre a\u00a0decis\u00e3o de deixar a Rede Globo ap\u00f3s 24 anos. O jornalista agradeceu, em seu Instagram, pelo tempo que passou trabalhando na emissora.<\/p>\n<p>&#8220;Vou abrir com as palavras que fecham esse v\u00eddeo que posto agora: por todo esse aprendizado, s\u00f3 tenho gratid\u00e3o. Tudo que tenho para dizer &#8211; e agradecer &#8211; sobre esse novo ciclo est\u00e1 a\u00ed&#8221;, escreveu o apresentador na legenda do v\u00eddeo.<\/p>\n<p>&#8220;Voc\u00ea que me acompanha aqui sabe que tudo que sempre busco s\u00e3o novos horizontes. Que agora, tenho a mais l\u00facida clareza, se abrem para mim. Coisas boas vir\u00e3o. Sempre. E a gente, claro, continua junto aqui, falando das coisas que iluminam a vida da gente: cultura, viagens, m\u00fasica, livros, sabedoria, vida! \u00c9 s\u00f3 pra que n\u00e3o fique d\u00favidas: por todo esse aprendizado, s\u00f3 tenho gratid\u00e3o&#8221;, agradeceu Zeca.<\/p>\n<p>&#8220;Levo as melhores lembran\u00e7as dessa parceria de 24 anos. Nessa colabora\u00e7\u00e3o eu celebro a chance preciosa que tive de trabalhar em um lugar t\u00e3o aberto \u00e0s novas ideias onde elas ganharam espa\u00e7o e repercuss\u00e3o&#8221;, continuou o jornalista.<\/p>\n<p>Zeca Camargo se despede da emissora no &#8220;\u00c9 de Casa&#8221;, programa\u00a0que passa pelas manh\u00e3s de s\u00e1bado. Emocionado, o apresentador agradeceu pelo per\u00edodo que passou no &#8220;Fant\u00e1stico&#8221; e o sucesso de &#8220;No Limite&#8221;, reality dirigido por Boninho. &#8220;E n\u00e3o deixa de ser um belo fechamento de ciclo eu me despedir agora quando o &#8216;\u00c9 de Casa&#8217; est\u00e1 sob o comando de Mariano Boni, com quem estabeleci um alinhamento forte desde o meu primeiro dia na Globo, justamente na coordena\u00e7\u00e3o em S\u00e3o Paulo&#8221;, disse.<\/p>\n","protected":false},"excerpt":{"rendered":"<p>Zeca Camargo falou sobre a\u00a0decis\u00e3o de deixar a Rede Globo ap\u00f3s 24 anos. O jornalista agradeceu, em seu Instagram, pelo tempo que passou trabalhando na emissora. &#8220;Vou abrir com as palavras que fecham esse v\u00eddeo que posto agora: por todo &hellip; <a href=\"https:\/\/slz612.com.br\/index.php\/2020\/05\/28\/apresentador-da-globo-deixa-emissora-apos-24-anos-de-trabalho\/\">Continue lendo <span class=\"meta-nav\">&rarr;<\/span><\/a><\/p>\n","protected":false},"author":1,"featured_media":0,"comment_status":"open","ping_status":"open","sticky":false,"template":"","format":"standard","meta":[],"categories":[7],"tags":[],"_links":{"self":[{"href":"https:\/\/slz612.com.br\/index.php\/wp-json\/wp\/v2\/posts\/932"}],"collection":[{"href":"https:\/\/slz612.com.br\/index.php\/wp-json\/wp\/v2\/posts"}],"about":[{"href":"https:\/\/slz612.com.br\/index.php\/wp-json\/wp\/v2\/types\/post"}],"author":[{"embeddable":true,"href":"https:\/\/slz612.com.br\/index.php\/wp-json\/wp\/v2\/users\/1"}],"replies":[{"embeddable":true,"href":"https:\/\/slz612.com.br\/index.php\/wp-json\/wp\/v2\/comments?post=932"}],"version-history":[{"count":2,"href":"https:\/\/slz612.com.br\/index.php\/wp-json\/wp\/v2\/posts\/932\/revisions"}],"predecessor-version":[{"id":935,"href":"https:\/\/slz612.com.br\/index.php\/wp-json\/wp\/v2\/posts\/932\/revisions\/935"}],"wp:attachment":[{"href":"https:\/\/slz612.com.br\/index.php\/wp-json\/wp\/v2\/media?parent=932"}],"wp:term":[{"taxonomy":"category","embeddable":true,"href":"https:\/\/slz612.com.br\/index.php\/wp-json\/wp\/v2\/categories?post=932"},{"taxonomy":"post_tag","embeddable":true,"href":"https:\/\/slz612.com.br\/index.php\/wp-json\/wp\/v2\/tags?post=932"}],"curies":[{"name":"wp","href":"https:\/\/api.w.org\/{rel}","templated":true}]}}