{"id":930,"date":"2020-05-27T14:02:51","date_gmt":"2020-05-27T17:02:51","guid":{"rendered":"https:\/\/slz612.com.br\/?p=930"},"modified":"2020-05-27T14:02:51","modified_gmt":"2020-05-27T17:02:51","slug":"governo-bolsonaro-tem-58-de-reprovacao-diz-atlas-politico","status":"publish","type":"post","link":"https:\/\/slz612.com.br\/index.php\/2020\/05\/27\/governo-bolsonaro-tem-58-de-reprovacao-diz-atlas-politico\/","title":{"rendered":"Governo Bolsonaro tem 58% de reprova\u00e7\u00e3o, diz Atlas Pol\u00edtico"},"content":{"rendered":"<div id=\"attachment_666\" style=\"width: 1390px\" class=\"wp-caption aligncenter\"><img aria-describedby=\"caption-attachment-666\" loading=\"lazy\" class=\"size-full wp-image-666\" src=\"https:\/\/slz612.com.br\/wp-content\/uploads\/2020\/03\/Bolsonaro-1.gif\" alt=\"\" width=\"1380\" height=\"920\" \/><p id=\"caption-attachment-666\" class=\"wp-caption-text\">Governo Bolsonaro vem tendo queda de aprova\u00e7\u00e3o<\/p><\/div>\n<p>Em um m\u00eas em que a\u00a0<a href=\"https:\/\/brasil.elpais.com\/brasil\/2020-05-26\/brasil-chega-aos-tres-meses-de-crise-com-23473-mortes-por-covid-19-e-sem-plano-para-frear-doenca.html\" target=\"_blank\" rel=\"noopener noreferrer\" data-link-track-dtm=\"\">crise sanit\u00e1ria do<b>coronav\u00edrus<\/b>\u00a0saiu do controle<\/a>, elevando o Brasil ao segundo lugar mundial em n\u00famero de casos, e em que\u00a0<a href=\"https:\/\/brasil.elpais.com\/brasil\/2020-05-26\/pf-apreende-celular-e-computador-de-witzel-e-eleva-suspeita-de-interferencia-politica-de-bolsonaro.html\" target=\"_blank\" rel=\"noopener noreferrer\" data-link-track-dtm=\"\">crescem os ind\u00edcios de sua interfer\u00eancia pol\u00edtica<\/a>na Pol\u00edcia Federal para proteger sua fam\u00edlia, o\u00a0<a href=\"https:\/\/brasil.elpais.com\/tag\/jair_messias_bolsonaro\" target=\"_blank\" rel=\"noopener noreferrer\" data-link-track-dtm=\"\">presidente\u00a0<b>Jair Bolsonaro<\/b><\/a>\u00a0v\u00ea a reprova\u00e7\u00e3o ao seu Governo aumentar: 58,1% dos brasileiros avaliam a gest\u00e3o como ruim ou p\u00e9ssima, aponta pesquisa\u00a0<a href=\"https:\/\/brasil.elpais.com\/noticias\/atlas-politico-noticias\/\" target=\"_blank\" rel=\"noopener noreferrer\" data-link-track-dtm=\"\"><b>Atlas Pol\u00edtico<\/b><\/a>divulgada nesta quarta-feira. A imagem pessoal do presidente, por\u00e9m, n\u00e3o segue a mesma deteriora\u00e7\u00e3o, um indicativo de que o mandat\u00e1rio conserva apoio em suas bases.<\/p>\n<p class=\"\">Desde o\u00a0<a href=\"https:\/\/brasil.elpais.com\/brasil\/2020-04-27\/apoio-ao-impeachment-de-bolsonaro-alcanca-52-e-aprovacao-de-moro-vai-a-57-apos-sair-do-governo.html\" target=\"_blank\" rel=\"noopener noreferrer\" data-link-track-dtm=\"\">levantamento realizado em 25 de abril<\/a>, logo ap\u00f3s o\u00a0<a href=\"https:\/\/brasil.elpais.com\/brasil\/2020-04-24\/sergio-moro-acusa-bolsonaro-de-interferencia-politica-na-pf-e-deixa-governo.html\" target=\"_blank\" rel=\"noopener noreferrer\" data-link-track-dtm=\"\">ministro Sergio Moro ter anunciado sua demiss\u00e3o<\/a>\u00a0e lan\u00e7ado as acusa\u00e7\u00f5es que hoje pressionam o presidente, os \u00edndices de aprova\u00e7\u00e3o e desaprova\u00e7\u00e3o do desempenho de Bolsonaro permaneceram est\u00e1veis, considerando a margem de erro de dois pontos percentuais. Na nova pesquisa, Bolsonaro mant\u00e9m alta reprova\u00e7\u00e3o (65,1% agora, ante 64,4% h\u00e1 um m\u00eas) e sofre ligeiro aumento na aprova\u00e7\u00e3o (32,9% agora, ante 30,5% em abril).<\/p>\n<p class=\"\">A pesquisa \u2014que ouviu 2.000 pessoas entre domingo e ter\u00e7a-feira de forma online, com amostra que reflete a popula\u00e7\u00e3o brasileira adulta\u2014 \u00e9 a primeira realizada ap\u00f3s a\u00a0<a href=\"https:\/\/brasil.elpais.com\/brasil\/2020-05-23\/video-da-reuniao-de-bolsonaro-evidencia-descaso-com-pandemia-que-ja-matou-mais-de-21000.html\" target=\"_blank\" rel=\"noopener noreferrer\" data-link-track-dtm=\"\">divulga\u00e7\u00e3o do v\u00eddeo de uma reuni\u00e3o ministerial<\/a>\u00a0que refor\u00e7a ind\u00edcios de que o presidente tentou trocar o comando da Pol\u00edcia Federal para evitar investiga\u00e7\u00f5es contra sua fam\u00edlia e aliados, suspeita que \u00e9 alvo de uma apura\u00e7\u00e3o no \u00e2mbito do Supremo Tribunal Federal (STF). A grava\u00e7\u00e3o mostra tamb\u00e9m o descaso oficial em rela\u00e7\u00e3o \u00e0 pandemia e evidencia a din\u00e2mica das discuss\u00f5es do Governo, com o uso de palavr\u00f5es, insultos a autoridades e outros Poderes e\u00a0<a href=\"https:\/\/brasil.elpais.com\/brasil\/2020-05-22\/salles-ve-oportunidade-com-coronavirus-para-passar-de-boiada-desregulacao-da-protecao-ao-meio-ambiente.html\" target=\"_blank\" rel=\"noopener noreferrer\" data-link-track-dtm=\"\">defesa de agenda contra minorias e o meio ambiente<\/a>.<\/p>\n<p>Materia completa no site <a href=\"https:\/\/brasil.elpais.com\/brasil\/2020-05-27\/reprovacao-ao-governo-aumenta-mas-conduta-pessoal-de-bolsonaro-conserva-apoio-aponta-pesquisa.html\">El Pa\u00eds<\/a><\/p>\n<p>&nbsp;<\/p>\n","protected":false},"excerpt":{"rendered":"<p>Em um m\u00eas em que a\u00a0crise sanit\u00e1ria docoronav\u00edrus\u00a0saiu do controle, elevando o Brasil ao segundo lugar mundial em n\u00famero de casos, e em que\u00a0crescem os ind\u00edcios de sua interfer\u00eancia pol\u00edticana Pol\u00edcia Federal para proteger sua fam\u00edlia, o\u00a0presidente\u00a0Jair Bolsonaro\u00a0v\u00ea a reprova\u00e7\u00e3o &hellip; <a href=\"https:\/\/slz612.com.br\/index.php\/2020\/05\/27\/governo-bolsonaro-tem-58-de-reprovacao-diz-atlas-politico\/\">Continue lendo <span class=\"meta-nav\">&rarr;<\/span><\/a><\/p>\n","protected":false},"author":1,"featured_media":0,"comment_status":"open","ping_status":"open","sticky":false,"template":"","format":"standard","meta":[],"categories":[5],"tags":[],"_links":{"self":[{"href":"https:\/\/slz612.com.br\/index.php\/wp-json\/wp\/v2\/posts\/930"}],"collection":[{"href":"https:\/\/slz612.com.br\/index.php\/wp-json\/wp\/v2\/posts"}],"about":[{"href":"https:\/\/slz612.com.br\/index.php\/wp-json\/wp\/v2\/types\/post"}],"author":[{"embeddable":true,"href":"https:\/\/slz612.com.br\/index.php\/wp-json\/wp\/v2\/users\/1"}],"replies":[{"embeddable":true,"href":"https:\/\/slz612.com.br\/index.php\/wp-json\/wp\/v2\/comments?post=930"}],"version-history":[{"count":1,"href":"https:\/\/slz612.com.br\/index.php\/wp-json\/wp\/v2\/posts\/930\/revisions"}],"predecessor-version":[{"id":931,"href":"https:\/\/slz612.com.br\/index.php\/wp-json\/wp\/v2\/posts\/930\/revisions\/931"}],"wp:attachment":[{"href":"https:\/\/slz612.com.br\/index.php\/wp-json\/wp\/v2\/media?parent=930"}],"wp:term":[{"taxonomy":"category","embeddable":true,"href":"https:\/\/slz612.com.br\/index.php\/wp-json\/wp\/v2\/categories?post=930"},{"taxonomy":"post_tag","embeddable":true,"href":"https:\/\/slz612.com.br\/index.php\/wp-json\/wp\/v2\/tags?post=930"}],"curies":[{"name":"wp","href":"https:\/\/api.w.org\/{rel}","templated":true}]}}