{"id":921,"date":"2020-05-23T10:28:51","date_gmt":"2020-05-23T13:28:51","guid":{"rendered":"https:\/\/slz612.com.br\/?p=921"},"modified":"2020-05-23T10:28:51","modified_gmt":"2020-05-23T13:28:51","slug":"apresentador-de-tv-ligado-a-bolsonaro-deixa-o-barco","status":"publish","type":"post","link":"https:\/\/slz612.com.br\/index.php\/2020\/05\/23\/apresentador-de-tv-ligado-a-bolsonaro-deixa-o-barco\/","title":{"rendered":"Apresentador de TV ligado a Bolsonaro &#8220;deixa o barco&#8221;"},"content":{"rendered":"<div id=\"attachment_923\" style=\"width: 898px\" class=\"wp-caption aligncenter\"><img aria-describedby=\"caption-attachment-923\" loading=\"lazy\" class=\"size-full wp-image-923\" src=\"https:\/\/slz612.com.br\/wp-content\/uploads\/2020\/05\/datena-band.jpg\" alt=\"\" width=\"888\" height=\"500\" srcset=\"https:\/\/slz612.com.br\/wp-content\/uploads\/2020\/05\/datena-band.jpg 888w, https:\/\/slz612.com.br\/wp-content\/uploads\/2020\/05\/datena-band-300x169.jpg 300w, https:\/\/slz612.com.br\/wp-content\/uploads\/2020\/05\/datena-band-768x432.jpg 768w, https:\/\/slz612.com.br\/wp-content\/uploads\/2020\/05\/datena-band-500x282.jpg 500w\" sizes=\"(max-width: 888px) 100vw, 888px\" \/><p id=\"caption-attachment-923\" class=\"wp-caption-text\">Datena n\u00e3o gostou do que foi falado sobre a Band em reuni\u00e3o ministerial<\/p><\/div>\n<p>No v\u00eddeo com a reuni\u00e3o ministerial na qual o presidente Bolsonaro teria falado sobre proteger sua fam\u00edlia e ir contra a PF (Pol\u00edcia Federal), e onde o ex-ministro Moro virou algoz do presidente foi a gota d&#8217;\u00e0gua para o fim da rela\u00e7\u00e3o do apresentador Datena com Bolsonaro.<\/p>\n<p>Ao transmitir o v\u00eddeo em seu programa, \u2018Brasil Urgente\u2019, Datena se revoltou com as declara\u00e7\u00f5es do presidente e disse que nunca mais ir\u00e1 entrevist\u00e1-lo.<\/p>\n<p>A revolta de Datena come\u00e7ou quando o presidente xingou a imprensa com palavras de baixo cal\u00e3o durante quase a reuni\u00e3o inteira.<\/p>\n<p>Veja o que disse Datena<\/p>\n<div style=\"width: 584px;\" class=\"wp-video\"><!--[if lt IE 9]><script>document.createElement('video');<\/script><![endif]-->\n<video class=\"wp-video-shortcode\" id=\"video-921-1\" width=\"584\" height=\"329\" preload=\"metadata\" controls=\"controls\"><source type=\"video\/mp4\" src=\"https:\/\/slz612.com.br\/wp-content\/uploads\/2020\/05\/vireijornalista_20200523_101237_0.mp4?_=1\" \/><a href=\"https:\/\/slz612.com.br\/wp-content\/uploads\/2020\/05\/vireijornalista_20200523_101237_0.mp4\">https:\/\/slz612.com.br\/wp-content\/uploads\/2020\/05\/vireijornalista_20200523_101237_0.mp4<\/a><\/video><\/div>\n<p>Depois acabou explodindo de raiva no ar quando o presidente da Caixa Econ\u00f4mica Federal, Pedro Guimar\u00e3es, afirmou que a Band teria pedido dinheiro ao banco.<\/p>\n<p>\u201cAcho que a gente t\u00e1 com um problema de narrativa. Hoje de manh\u00e3, por exemplo, o pessoal da Band queria dinheiro. O ponto \u00e9 o seguinte: vai ou n\u00e3o vai dar dinheiro pra Bandeirantes? Ah, n\u00e3o vai dar dinheiro pra Bandeirantes? Passei meia hora levando porrada, mas repliquei&#8221;, disse ele.<\/p>\n<p>Datena perdeu a paci\u00eancia no ar e afirmou que ningu\u00e9m na Band solicitou dinheiro algum para ele, e que se algu\u00e9m tivesse feito, que ele deveria dizer quem foi e que deveria ser demitido pela emissora.<\/p>\n<p>O apresentador chegou a dizer que tentou entrar em contato com o presidente da Caixa por telefone, mas o mesmo se recusou falar, alegando que n\u00e3o estava com tempo.<\/p>\n<p>&#8220;A\u00ed vem o cara numa reuni\u00e3o ministerial com o presidente da Rep\u00fablica e diz &#8216;o pessoal da Band quer dinheiro&#8217;. Se voc\u00ea deu dinheiro para algu\u00e9m aqui da Band, Pedro, voc\u00ea indique para quem voc\u00ea deu, que com certeza essa pessoa vai ser demitida, se n\u00e3o foi uma coisa legal, se n\u00e3o foi m\u00eddia t\u00e9cnica. E do jeito que voc\u00ea colocou tem d\u00fabia interpreta\u00e7\u00e3o. Ou voc\u00ea prevaricou e o Bolsonaro devia te mandar embora hoje\u201d, disse Datena.<\/p>\n<p>Revoltado com a situa\u00e7\u00e3o, Datena ainda falou que nunca mais ir\u00e1 entrevistar o presidente Bolsonaro e que se a Band quiser uma entrevista, que coloque outro profissional para fazer, pois ele n\u00e3o far\u00e1 mais.<\/p>\n<p>Fonte: jorn<\/p>\n","protected":false},"excerpt":{"rendered":"<p>No v\u00eddeo com a reuni\u00e3o ministerial na qual o presidente Bolsonaro teria falado sobre proteger sua fam\u00edlia e ir contra a PF (Pol\u00edcia Federal), e onde o ex-ministro Moro virou algoz do presidente foi a gota d&#8217;\u00e0gua para o fim &hellip; <a href=\"https:\/\/slz612.com.br\/index.php\/2020\/05\/23\/apresentador-de-tv-ligado-a-bolsonaro-deixa-o-barco\/\">Continue lendo <span class=\"meta-nav\">&rarr;<\/span><\/a><\/p>\n","protected":false},"author":1,"featured_media":0,"comment_status":"open","ping_status":"open","sticky":false,"template":"","format":"standard","meta":[],"categories":[1],"tags":[],"_links":{"self":[{"href":"https:\/\/slz612.com.br\/index.php\/wp-json\/wp\/v2\/posts\/921"}],"collection":[{"href":"https:\/\/slz612.com.br\/index.php\/wp-json\/wp\/v2\/posts"}],"about":[{"href":"https:\/\/slz612.com.br\/index.php\/wp-json\/wp\/v2\/types\/post"}],"author":[{"embeddable":true,"href":"https:\/\/slz612.com.br\/index.php\/wp-json\/wp\/v2\/users\/1"}],"replies":[{"embeddable":true,"href":"https:\/\/slz612.com.br\/index.php\/wp-json\/wp\/v2\/comments?post=921"}],"version-history":[{"count":1,"href":"https:\/\/slz612.com.br\/index.php\/wp-json\/wp\/v2\/posts\/921\/revisions"}],"predecessor-version":[{"id":924,"href":"https:\/\/slz612.com.br\/index.php\/wp-json\/wp\/v2\/posts\/921\/revisions\/924"}],"wp:attachment":[{"href":"https:\/\/slz612.com.br\/index.php\/wp-json\/wp\/v2\/media?parent=921"}],"wp:term":[{"taxonomy":"category","embeddable":true,"href":"https:\/\/slz612.com.br\/index.php\/wp-json\/wp\/v2\/categories?post=921"},{"taxonomy":"post_tag","embeddable":true,"href":"https:\/\/slz612.com.br\/index.php\/wp-json\/wp\/v2\/tags?post=921"}],"curies":[{"name":"wp","href":"https:\/\/api.w.org\/{rel}","templated":true}]}}