{"id":912,"date":"2020-05-20T12:18:35","date_gmt":"2020-05-20T15:18:35","guid":{"rendered":"https:\/\/slz612.com.br\/?p=912"},"modified":"2020-05-20T12:28:01","modified_gmt":"2020-05-20T15:28:01","slug":"bolsonaro-cria-versao-falsa-da-cloroquina-diz-deputado-maranhense","status":"publish","type":"post","link":"https:\/\/slz612.com.br\/index.php\/2020\/05\/20\/bolsonaro-cria-versao-falsa-da-cloroquina-diz-deputado-maranhense\/","title":{"rendered":"Bolsonaro cria vers\u00e3o falsa da cloroquina, diz deputado maranhense"},"content":{"rendered":"<div id=\"attachment_913\" style=\"width: 1290px\" class=\"wp-caption aligncenter\"><img aria-describedby=\"caption-attachment-913\" loading=\"lazy\" class=\"size-full wp-image-913\" src=\"https:\/\/slz612.com.br\/wp-content\/uploads\/2020\/05\/WhatsApp-Image-2020-03-11-at-10.49.42.jpeg.jpg\" alt=\"\" width=\"1280\" height=\"854\" srcset=\"https:\/\/slz612.com.br\/wp-content\/uploads\/2020\/05\/WhatsApp-Image-2020-03-11-at-10.49.42.jpeg.jpg 1280w, https:\/\/slz612.com.br\/wp-content\/uploads\/2020\/05\/WhatsApp-Image-2020-03-11-at-10.49.42.jpeg-300x200.jpg 300w, https:\/\/slz612.com.br\/wp-content\/uploads\/2020\/05\/WhatsApp-Image-2020-03-11-at-10.49.42.jpeg-1024x683.jpg 1024w, https:\/\/slz612.com.br\/wp-content\/uploads\/2020\/05\/WhatsApp-Image-2020-03-11-at-10.49.42.jpeg-768x512.jpg 768w, https:\/\/slz612.com.br\/wp-content\/uploads\/2020\/05\/WhatsApp-Image-2020-03-11-at-10.49.42.jpeg-450x300.jpg 450w\" sizes=\"(max-width: 1280px) 100vw, 1280px\" \/><p id=\"caption-attachment-913\" class=\"wp-caption-text\">Deputado Dr.Ygl\u00e9sio \u00e9 contr\u00e1rio ao uso da Hidroxicloroquina no combate \u00e1 Covid-19<\/p><\/div>\n<p>&#8220;O presidente Bolsonaro deseja criar essa vers\u00e3o falsa da cloroquina como medicamento importante, que n\u00e3o \u00e9, porque quer for\u00e7ar a popula\u00e7\u00e3o a sair de casa. Voltar a trabalhar\u201d. Este \u00e9 o entendimento do deputado estadual Dr. Ygl\u00e9sio. O parlamentar \u00e9 m\u00e9dico, com doutorado em fisiopatologia na Universidade de S\u00e3o Paulo. Em conversa com o <strong>SLZ612, <\/strong>ele se posiciona de forma contr\u00e1ria ao uso do medicamento no combate ao novo coronav\u00edrus, causador da Covid-19.<\/p>\n<p>De acordo com Dr. Ygl\u00e9sio, a inten\u00e7\u00e3o do presidente \u00e9 perigosa porque leva a popula\u00e7\u00e3o a acreditar em uma cura, que ainda n\u00e3o existe, e com isso as pessoas podem voltar a trabalhar precocemente e passam adotar comportamento de risco. \u201c\u00c9 isso que Bolsonaro quer. Mas sabemos que pa\u00edses que n\u00e3o adotaram o isolamento, como a Su\u00e9cia, n\u00e3o tiveram manuten\u00e7\u00e3o da estabilidade econ\u00f4mica e l\u00e1, tiveram perdas significativas\u201d, observou o deputado.<\/p>\n<p>Outro importante ponto destacado pelo deputado maranhense \u00e9 que, em pa\u00edses com a medicina mais avan\u00e7ada, o protocolo da hidroxocloroquina foi abandonado diante das evid\u00eancias clinicas de que o medicamento n\u00e3o tem efic\u00e1cia no combate \u00e0 Covid-19.<\/p>\n<p>Mesmo sem existirem evid\u00eancias cient\u00edficas e com alerta de especialistas sobre riscos \u00e0 vida, nesta quarta-feira (20), o Minist\u00e9rio da Sa\u00fade ampliou o uso da hidroxicloroquina no pa\u00eds. Por determina\u00e7\u00e3o do presidente Bolsonaro, pacientes com sinais e sintomas leves do novo coronav\u00edrus podem usar a medica\u00e7\u00e3o.<\/p>\n<p>O protocolo adotado pelo Minist\u00e9rio da Sa\u00fade joga toda a responsabilidade para o paciente, porque ele ir\u00e1 assinar um termo de consentimento para uso do medicamento, mesmo sabendo de efeitos colaterais como redu\u00e7\u00e3o dos gl\u00f3bulos brancos, disfun\u00e7\u00e3o do f\u00edgado, disfun\u00e7\u00e3o card\u00edaca e arritmias, e altera\u00e7\u00f5es visuais por danos na retina.<\/p>\n<p>Diante de um quadro onde em um \u00fanico dia foram registradas 1.179 mortes e quase 18 mil pessoas j\u00e1 perderam a vida, quem n\u00e3o se arriscaria? Al\u00e9m disso, pessoas com sintomas leves e que est\u00e3o em casa poder\u00e3o se automedicar, confiando na libera\u00e7\u00e3o do rem\u00e9dio pelo governo. \u201c\u00c0s vezes, a pessoa n\u00e3o est\u00e1 melhorando com um comprimido, a\u00ed acha que com dois vai melhorar e isso pode acarretar, inclusive a perda da vida\u201d. Alertou o deputado Dr. Ygl\u00e9sio.<\/p>\n","protected":false},"excerpt":{"rendered":"<p>&#8220;O presidente Bolsonaro deseja criar essa vers\u00e3o falsa da cloroquina como medicamento importante, que n\u00e3o \u00e9, porque quer for\u00e7ar a popula\u00e7\u00e3o a sair de casa. Voltar a trabalhar\u201d. Este \u00e9 o entendimento do deputado estadual Dr. Ygl\u00e9sio. O parlamentar \u00e9 &hellip; <a href=\"https:\/\/slz612.com.br\/index.php\/2020\/05\/20\/bolsonaro-cria-versao-falsa-da-cloroquina-diz-deputado-maranhense\/\">Continue lendo <span class=\"meta-nav\">&rarr;<\/span><\/a><\/p>\n","protected":false},"author":1,"featured_media":0,"comment_status":"open","ping_status":"open","sticky":false,"template":"","format":"standard","meta":[],"categories":[5],"tags":[],"_links":{"self":[{"href":"https:\/\/slz612.com.br\/index.php\/wp-json\/wp\/v2\/posts\/912"}],"collection":[{"href":"https:\/\/slz612.com.br\/index.php\/wp-json\/wp\/v2\/posts"}],"about":[{"href":"https:\/\/slz612.com.br\/index.php\/wp-json\/wp\/v2\/types\/post"}],"author":[{"embeddable":true,"href":"https:\/\/slz612.com.br\/index.php\/wp-json\/wp\/v2\/users\/1"}],"replies":[{"embeddable":true,"href":"https:\/\/slz612.com.br\/index.php\/wp-json\/wp\/v2\/comments?post=912"}],"version-history":[{"count":5,"href":"https:\/\/slz612.com.br\/index.php\/wp-json\/wp\/v2\/posts\/912\/revisions"}],"predecessor-version":[{"id":918,"href":"https:\/\/slz612.com.br\/index.php\/wp-json\/wp\/v2\/posts\/912\/revisions\/918"}],"wp:attachment":[{"href":"https:\/\/slz612.com.br\/index.php\/wp-json\/wp\/v2\/media?parent=912"}],"wp:term":[{"taxonomy":"category","embeddable":true,"href":"https:\/\/slz612.com.br\/index.php\/wp-json\/wp\/v2\/categories?post=912"},{"taxonomy":"post_tag","embeddable":true,"href":"https:\/\/slz612.com.br\/index.php\/wp-json\/wp\/v2\/tags?post=912"}],"curies":[{"name":"wp","href":"https:\/\/api.w.org\/{rel}","templated":true}]}}