{"id":907,"date":"2020-05-18T23:06:08","date_gmt":"2020-05-19T02:06:08","guid":{"rendered":"https:\/\/slz612.com.br\/?p=907"},"modified":"2020-05-18T23:07:04","modified_gmt":"2020-05-19T02:07:04","slug":"vereador-que-era-a-favor-do-fim-do-isolamento-muda-apos-morte-do-pai","status":"publish","type":"post","link":"https:\/\/slz612.com.br\/index.php\/2020\/05\/18\/vereador-que-era-a-favor-do-fim-do-isolamento-muda-apos-morte-do-pai\/","title":{"rendered":"Vereador que era a favor do fim do isolamento muda ap\u00f3s morte do pai"},"content":{"rendered":"<div id=\"attachment_908\" style=\"width: 460px\" class=\"wp-caption alignnone\"><img aria-describedby=\"caption-attachment-908\" loading=\"lazy\" class=\"size-full wp-image-908\" src=\"https:\/\/slz612.com.br\/wp-content\/uploads\/2020\/05\/18mai2020-sargento-silvano-psd-vereador-de-belem-1589829260134_v2_450x450.jpg\" alt=\"\" width=\"450\" height=\"450\" srcset=\"https:\/\/slz612.com.br\/wp-content\/uploads\/2020\/05\/18mai2020-sargento-silvano-psd-vereador-de-belem-1589829260134_v2_450x450.jpg 450w, https:\/\/slz612.com.br\/wp-content\/uploads\/2020\/05\/18mai2020-sargento-silvano-psd-vereador-de-belem-1589829260134_v2_450x450-300x300.jpg 300w, https:\/\/slz612.com.br\/wp-content\/uploads\/2020\/05\/18mai2020-sargento-silvano-psd-vereador-de-belem-1589829260134_v2_450x450-150x150.jpg 150w\" sizes=\"(max-width: 450px) 100vw, 450px\" \/><p id=\"caption-attachment-908\" class=\"wp-caption-text\">Vereador Silvano teve v\u00e1rios parentes com Covid-19<br \/>Foto: reprodu\u00e7\u00e3o internet<\/p><\/div>\n<p>Depois de ver grande parte de sua fam\u00edlia infectada pelo novo coronav\u00edrus e perder o pai para a doen\u00e7a, o vereador de Bel\u00e9m Sargento Silvano (PSD) mudou de opini\u00e3o sobre o enfrentamento \u00e0 pandemia.<\/p>\n<p>Desde o fim de mar\u00e7o, quando defendia publicamente o fim do isolamento social e a abertura do com\u00e9rcio na capital do Par\u00e1, o parlamentar e pelo menos outros 10 familiares tiveram testes positivos. A luta contra o v\u00edrus mudou a atitude do pol\u00edtico, antes defensor do presidente Jair Bolsonaro, que passou a criticar as decis\u00f5es do Planalto.<\/p>\n<p>No dia 27 de mar\u00e7o, Silvano publicou texto em rede social defendendo a posi\u00e7\u00e3o do presidente em cobrar de governadores e prefeitos a abertura do com\u00e9rcio.<\/p>\n<p>Com 30 dias todos ver\u00e3o que o presidente Bolsonaro tinha raz\u00e3o\u201d,escreveu. Em primeiro de abril, o vereador reafirmou a postura, dizendo ter \u2018lado\u2019 e n\u00e3o ser \u2018tra\u00edra\u2019. \u201cEu me abra\u00e7o politicamente com qualquer um, menos com o inimigo. Eu tenho lado\u201d, postou.<\/p>\n<p>J\u00e1 a partir de 12 de abril, Silvano mudou o discurso. \u201cEu estou do lado da ci\u00eancia e n\u00e3o de pol\u00edticos.. Ainda acredito nos m\u00e9dicos, at\u00e9 que provem o contr\u00e1rio\u201d, disse. Mas foi de 20 de abril em diante que o vereador come\u00e7ou a combater as falas do presidente. \u201cIsso n\u00e3o \u00e9 uma gripinha, como disse o Bolsonaro. O presidente mente para o povo brasileiro. Bolsonaro perdeu o meu respeito! Falo de tudo que tenho sofrido com minha fam\u00edlia nesses \u00faltimos dias. Miseric\u00f3rdia Deus\u201d, publicou.<\/p>\n<p>Em 24 de abril, depois de contrair e se recuperar do v\u00edrus, Silvano foi mais enf\u00e1tico em oposi\u00e7\u00e3o ao presidente. \u201cSentido-me decepcionado com o presidente. Como ex paciente de COVID-19, e agora com a sa\u00edda do Moro, foi o fim de tudo. Daqui a pouco, se continuar assim, vou come\u00e7ar a gritar #ForaBolsonaro\u201d, disse. O pai do vereador ficou internado cerca de um m\u00eas com a doen\u00e7a e n\u00e3o resistiu.<\/p>\n<p>\u201cAgora defendo o lockdown. Meu pai, por exemplo, construiu um patrim\u00f4nio, mas quando foi enterrado n\u00e3o levou nem a roupa do corpo. Foi enterrado no len\u00e7ol do hospital e em um saco. O que significa isso? Que defendo o isolamento e lockdown. O emprego \u00e9 importante, mas se tu morrer, vai sem nada, como aconteceu com meu pai. Est\u00e3o brigando para abrir o com\u00e9rcio, mas se tu morrer, n\u00e3o vai levar nada, amigo&#8221;, afirmou Silvano ao UOL.<\/p>\n<p>Fonte: correipbraziliense<\/p>\n","protected":false},"excerpt":{"rendered":"<p>Depois de ver grande parte de sua fam\u00edlia infectada pelo novo coronav\u00edrus e perder o pai para a doen\u00e7a, o vereador de Bel\u00e9m Sargento Silvano (PSD) mudou de opini\u00e3o sobre o enfrentamento \u00e0 pandemia. Desde o fim de mar\u00e7o, quando &hellip; <a href=\"https:\/\/slz612.com.br\/index.php\/2020\/05\/18\/vereador-que-era-a-favor-do-fim-do-isolamento-muda-apos-morte-do-pai\/\">Continue lendo <span class=\"meta-nav\">&rarr;<\/span><\/a><\/p>\n","protected":false},"author":1,"featured_media":0,"comment_status":"open","ping_status":"open","sticky":false,"template":"","format":"standard","meta":[],"categories":[1],"tags":[],"_links":{"self":[{"href":"https:\/\/slz612.com.br\/index.php\/wp-json\/wp\/v2\/posts\/907"}],"collection":[{"href":"https:\/\/slz612.com.br\/index.php\/wp-json\/wp\/v2\/posts"}],"about":[{"href":"https:\/\/slz612.com.br\/index.php\/wp-json\/wp\/v2\/types\/post"}],"author":[{"embeddable":true,"href":"https:\/\/slz612.com.br\/index.php\/wp-json\/wp\/v2\/users\/1"}],"replies":[{"embeddable":true,"href":"https:\/\/slz612.com.br\/index.php\/wp-json\/wp\/v2\/comments?post=907"}],"version-history":[{"count":2,"href":"https:\/\/slz612.com.br\/index.php\/wp-json\/wp\/v2\/posts\/907\/revisions"}],"predecessor-version":[{"id":910,"href":"https:\/\/slz612.com.br\/index.php\/wp-json\/wp\/v2\/posts\/907\/revisions\/910"}],"wp:attachment":[{"href":"https:\/\/slz612.com.br\/index.php\/wp-json\/wp\/v2\/media?parent=907"}],"wp:term":[{"taxonomy":"category","embeddable":true,"href":"https:\/\/slz612.com.br\/index.php\/wp-json\/wp\/v2\/categories?post=907"},{"taxonomy":"post_tag","embeddable":true,"href":"https:\/\/slz612.com.br\/index.php\/wp-json\/wp\/v2\/tags?post=907"}],"curies":[{"name":"wp","href":"https:\/\/api.w.org\/{rel}","templated":true}]}}