{"id":904,"date":"2020-05-18T11:39:48","date_gmt":"2020-05-18T14:39:48","guid":{"rendered":"https:\/\/slz612.com.br\/?p=904"},"modified":"2020-05-18T11:41:09","modified_gmt":"2020-05-18T14:41:09","slug":"suspeito-de-assassinar-policial-e-preso-e-cumplice-foi-morto","status":"publish","type":"post","link":"https:\/\/slz612.com.br\/index.php\/2020\/05\/18\/suspeito-de-assassinar-policial-e-preso-e-cumplice-foi-morto\/","title":{"rendered":"Suspeito de assassinar policial \u00e9 preso e c\u00famplice foi morto"},"content":{"rendered":"<div class=\"mceTemp\">\n<ul id=\"attachment_461\" class=\"wp-caption aligncenter\" style=\"width: 888px;\"><img loading=\"lazy\" class=\"size-full wp-image-461\" src=\"https:\/\/slz612.com.br\/wp-content\/uploads\/2020\/01\/Arma.jpg\" alt=\"\" width=\"888\" height=\"500\" srcset=\"https:\/\/slz612.com.br\/wp-content\/uploads\/2020\/01\/Arma.jpg 888w, https:\/\/slz612.com.br\/wp-content\/uploads\/2020\/01\/Arma-300x169.jpg 300w, https:\/\/slz612.com.br\/wp-content\/uploads\/2020\/01\/Arma-768x432.jpg 768w, https:\/\/slz612.com.br\/wp-content\/uploads\/2020\/01\/Arma-500x282.jpg 500w\" sizes=\"(max-width: 888px) 100vw, 888px\" \/>Caso ocorreu em Bangu no Rio de Janeiro<\/ul>\n<\/div>\n<p>Foi preso o suspeito pela morte de um policial civil nesta sexta-feira em Bangu, na Zona Oeste do Rio. Um segundo homem envolvido no homic\u00eddio foi morto em confronto com a v\u00edtima no momento do crime.<\/p>\n<p>A corpora\u00e7\u00e3o informou, neste s\u00e1bado, que policiais da Delegacia de Homic\u00eddios da Capital (DHC) realizaram a pris\u00e3o em flagrante do homem apontado como autor do homic\u00eddio de Rodrigo Arruda Gomes, de 36 anos. O carro onde ele estava foi encontrado com v\u00e1rias marcas de disparos.<\/p>\n<p>De acordo com os agentes, o suspeito e um c\u00famplice foram feridos durante confronto com a v\u00edtima. O outro envolvido no crime n\u00e3o resistiu e morreu. O criminoso que sobreviveu foi preso no hospital em que est\u00e1 internado, ap\u00f3s comprovada sua participa\u00e7\u00e3o no homic\u00eddio.<\/p>\n<p>FONTE: jornal extra<\/p>\n","protected":false},"excerpt":{"rendered":"<p>Caso ocorreu em Bangu no Rio de Janeiro Foi preso o suspeito pela morte de um policial civil nesta sexta-feira em Bangu, na Zona Oeste do Rio. Um segundo homem envolvido no homic\u00eddio foi morto em confronto com a v\u00edtima &hellip; <a href=\"https:\/\/slz612.com.br\/index.php\/2020\/05\/18\/suspeito-de-assassinar-policial-e-preso-e-cumplice-foi-morto\/\">Continue lendo <span class=\"meta-nav\">&rarr;<\/span><\/a><\/p>\n","protected":false},"author":1,"featured_media":0,"comment_status":"open","ping_status":"open","sticky":false,"template":"","format":"standard","meta":[],"categories":[1],"tags":[],"_links":{"self":[{"href":"https:\/\/slz612.com.br\/index.php\/wp-json\/wp\/v2\/posts\/904"}],"collection":[{"href":"https:\/\/slz612.com.br\/index.php\/wp-json\/wp\/v2\/posts"}],"about":[{"href":"https:\/\/slz612.com.br\/index.php\/wp-json\/wp\/v2\/types\/post"}],"author":[{"embeddable":true,"href":"https:\/\/slz612.com.br\/index.php\/wp-json\/wp\/v2\/users\/1"}],"replies":[{"embeddable":true,"href":"https:\/\/slz612.com.br\/index.php\/wp-json\/wp\/v2\/comments?post=904"}],"version-history":[{"count":2,"href":"https:\/\/slz612.com.br\/index.php\/wp-json\/wp\/v2\/posts\/904\/revisions"}],"predecessor-version":[{"id":906,"href":"https:\/\/slz612.com.br\/index.php\/wp-json\/wp\/v2\/posts\/904\/revisions\/906"}],"wp:attachment":[{"href":"https:\/\/slz612.com.br\/index.php\/wp-json\/wp\/v2\/media?parent=904"}],"wp:term":[{"taxonomy":"category","embeddable":true,"href":"https:\/\/slz612.com.br\/index.php\/wp-json\/wp\/v2\/categories?post=904"},{"taxonomy":"post_tag","embeddable":true,"href":"https:\/\/slz612.com.br\/index.php\/wp-json\/wp\/v2\/tags?post=904"}],"curies":[{"name":"wp","href":"https:\/\/api.w.org\/{rel}","templated":true}]}}