{"id":901,"date":"2020-05-16T11:08:25","date_gmt":"2020-05-16T14:08:25","guid":{"rendered":"https:\/\/slz612.com.br\/?p=901"},"modified":"2020-05-16T11:09:53","modified_gmt":"2020-05-16T14:09:53","slug":"cai-apoio-a-bolsonaro-em-rede-social-aponta-pesquisa-da-fgv","status":"publish","type":"post","link":"https:\/\/slz612.com.br\/index.php\/2020\/05\/16\/cai-apoio-a-bolsonaro-em-rede-social-aponta-pesquisa-da-fgv\/","title":{"rendered":"Cai apoio a Bolsonaro em rede social, aponta pesquisa da FGV"},"content":{"rendered":"<div id=\"attachment_650\" style=\"width: 970px\" class=\"wp-caption aligncenter\"><img aria-describedby=\"caption-attachment-650\" loading=\"lazy\" class=\"size-full wp-image-650\" src=\"https:\/\/slz612.com.br\/wp-content\/uploads\/2020\/03\/Bolsonaro-DOENTE.jpg\" alt=\"\" width=\"960\" height=\"640\" srcset=\"https:\/\/slz612.com.br\/wp-content\/uploads\/2020\/03\/Bolsonaro-DOENTE.jpg 960w, https:\/\/slz612.com.br\/wp-content\/uploads\/2020\/03\/Bolsonaro-DOENTE-300x200.jpg 300w, https:\/\/slz612.com.br\/wp-content\/uploads\/2020\/03\/Bolsonaro-DOENTE-768x512.jpg 768w, https:\/\/slz612.com.br\/wp-content\/uploads\/2020\/03\/Bolsonaro-DOENTE-450x300.jpg 450w\" sizes=\"(max-width: 960px) 100vw, 960px\" \/><p id=\"caption-attachment-650\" class=\"wp-caption-text\">Sa\u00edda do ministro da sa\u00fade abala base de apoio de Bolsonaro<br \/>Foto: Michael Melo\/Metr\u00f3poles<\/p><\/div>\n<p>A crise causada pela\u00a0sa\u00edda de Nelson Teich do Minist\u00e9rio da Sa\u00fade\u00a0fez o campo de apoio a Bolsonaro recuar para apenas 12% no Twitter. Com 1,27 milh\u00e3o de men\u00e7\u00f5es na rede social em apenas quatro horas, 65% do debate sobre o governo foi ocupado por manifesta\u00e7\u00f5es da oposi\u00e7\u00e3o. Os dados s\u00e3o da Diretoria de An\u00e1lise de Pol\u00edticas P\u00fablicas da Funda\u00e7\u00e3o Getulio Vargas (FGV DAPP).<\/p>\n<p>A demiss\u00e3o de Nelson Teich fez o debate sobre governo superar as discuss\u00f5es sobre a pandemia de covid-19. Nos grupos p\u00fablicos de WhatsApp observados pela FGV, o pedido de demiss\u00e3o do Ministro da Sa\u00fade foi tema de quatro dentre os cinco links mais compartilhados.<\/p>\n<p>Assim como nas demiss\u00f5es de Moro e do ex-ministro Luiz Henrique Mandetta, o epis\u00f3dio envolvendo Teich inflou a base partid\u00e1ria de oposi\u00e7\u00e3o ao governo na sexta (15) \u2012 que registrou um aumento de quase 160% de participa\u00e7\u00e3o no debate geral no Twitter, em rela\u00e7\u00e3o ao dia anterior. Os ataques miram diretamente o presidente Jair Bolsonaro, acusado de for\u00e7ar a demiss\u00e3o de Teich em fun\u00e7\u00e3o da sua resist\u00eancia ao uso da hidroxicloroquina, cuja prescri\u00e7\u00e3o tem sido fortemente defendida pelo presidente como principal medida de combate ao novo coronav\u00edrus.<\/p>\n<p>Encabe\u00e7ada pelo presidente @jairbolsonaro, pelos deputados federais @carlazambelli38 e @bolsonarosp, pelo presidente do PTB, @blogdojefferson, e pelo influenciador @leandroruschel, a base de apoio ao governo no Twitter, por outro lado, se concentra em reiterar a urg\u00eancia da aprova\u00e7\u00e3o da hidroxicloroquina para o tratamento da covid-19 e em reivindicar o fim do isolamento social.<\/p>\n","protected":false},"excerpt":{"rendered":"<p>A crise causada pela\u00a0sa\u00edda de Nelson Teich do Minist\u00e9rio da Sa\u00fade\u00a0fez o campo de apoio a Bolsonaro recuar para apenas 12% no Twitter. Com 1,27 milh\u00e3o de men\u00e7\u00f5es na rede social em apenas quatro horas, 65% do debate sobre o &hellip; <a href=\"https:\/\/slz612.com.br\/index.php\/2020\/05\/16\/cai-apoio-a-bolsonaro-em-rede-social-aponta-pesquisa-da-fgv\/\">Continue lendo <span class=\"meta-nav\">&rarr;<\/span><\/a><\/p>\n","protected":false},"author":1,"featured_media":0,"comment_status":"open","ping_status":"open","sticky":false,"template":"","format":"standard","meta":[],"categories":[5],"tags":[],"_links":{"self":[{"href":"https:\/\/slz612.com.br\/index.php\/wp-json\/wp\/v2\/posts\/901"}],"collection":[{"href":"https:\/\/slz612.com.br\/index.php\/wp-json\/wp\/v2\/posts"}],"about":[{"href":"https:\/\/slz612.com.br\/index.php\/wp-json\/wp\/v2\/types\/post"}],"author":[{"embeddable":true,"href":"https:\/\/slz612.com.br\/index.php\/wp-json\/wp\/v2\/users\/1"}],"replies":[{"embeddable":true,"href":"https:\/\/slz612.com.br\/index.php\/wp-json\/wp\/v2\/comments?post=901"}],"version-history":[{"count":2,"href":"https:\/\/slz612.com.br\/index.php\/wp-json\/wp\/v2\/posts\/901\/revisions"}],"predecessor-version":[{"id":903,"href":"https:\/\/slz612.com.br\/index.php\/wp-json\/wp\/v2\/posts\/901\/revisions\/903"}],"wp:attachment":[{"href":"https:\/\/slz612.com.br\/index.php\/wp-json\/wp\/v2\/media?parent=901"}],"wp:term":[{"taxonomy":"category","embeddable":true,"href":"https:\/\/slz612.com.br\/index.php\/wp-json\/wp\/v2\/categories?post=901"},{"taxonomy":"post_tag","embeddable":true,"href":"https:\/\/slz612.com.br\/index.php\/wp-json\/wp\/v2\/tags?post=901"}],"curies":[{"name":"wp","href":"https:\/\/api.w.org\/{rel}","templated":true}]}}