{"id":898,"date":"2020-05-15T11:04:55","date_gmt":"2020-05-15T14:04:55","guid":{"rendered":"https:\/\/slz612.com.br\/?p=898"},"modified":"2020-05-15T11:04:55","modified_gmt":"2020-05-15T14:04:55","slug":"cantora-ludmilla-e-internada-com-problema-nos-rins","status":"publish","type":"post","link":"https:\/\/slz612.com.br\/index.php\/2020\/05\/15\/cantora-ludmilla-e-internada-com-problema-nos-rins\/","title":{"rendered":"Cantora Ludmilla \u00e9 internada com problema nos rins"},"content":{"rendered":"<div id=\"attachment_899\" style=\"width: 689px\" class=\"wp-caption aligncenter\"><img aria-describedby=\"caption-attachment-899\" loading=\"lazy\" class=\"size-full wp-image-899\" src=\"https:\/\/slz612.com.br\/wp-content\/uploads\/2020\/05\/0ffa3f_a722abe9471745a483ee7aa3bd519aa6_mv2.jpg\" alt=\"\" width=\"679\" height=\"452\" srcset=\"https:\/\/slz612.com.br\/wp-content\/uploads\/2020\/05\/0ffa3f_a722abe9471745a483ee7aa3bd519aa6_mv2.jpg 679w, https:\/\/slz612.com.br\/wp-content\/uploads\/2020\/05\/0ffa3f_a722abe9471745a483ee7aa3bd519aa6_mv2-300x200.jpg 300w, https:\/\/slz612.com.br\/wp-content\/uploads\/2020\/05\/0ffa3f_a722abe9471745a483ee7aa3bd519aa6_mv2-451x300.jpg 451w\" sizes=\"(max-width: 679px) 100vw, 679px\" \/><p id=\"caption-attachment-899\" class=\"wp-caption-text\">Ludmilla vem sentindo muitas dores<\/p><\/div>\n<p>Internada na \u00faltima quarta, dia 13, por problemas renais, Ludmilla segue sem previs\u00e3o de alta. A assessoria disse ao jornal EXTRA nesta sexta, dia 15, que a cantora est\u00e1 &#8220;tomando morfina por conta da dor&#8221;. A live que a nova pagodeira faria no dia 16 de maio, s\u00e1bado, est\u00e1 cancelada.<\/p>\n<p>No Instagram, Brunna Gon\u00e7alves, esposa de Ludmilla, gravou stories para tranquilizar os f\u00e3s e prometeu atualiza-los com novas informa\u00e7\u00f5es assim que poss\u00edvel.<\/p>\n<p>&#8220;Essa semana est\u00e1 sendo bem dif\u00edcil, bem complicada, mas se Deus quiser a Lud vai melhorar. Mandem bastante energia positiva para ela, que jaj\u00e1 estar\u00e1 cantando e alegrando voc\u00eas&#8221;, disse.<\/p>\n","protected":false},"excerpt":{"rendered":"<p>Internada na \u00faltima quarta, dia 13, por problemas renais, Ludmilla segue sem previs\u00e3o de alta. A assessoria disse ao jornal EXTRA nesta sexta, dia 15, que a cantora est\u00e1 &#8220;tomando morfina por conta da dor&#8221;. A live que a nova &hellip; <a href=\"https:\/\/slz612.com.br\/index.php\/2020\/05\/15\/cantora-ludmilla-e-internada-com-problema-nos-rins\/\">Continue lendo <span class=\"meta-nav\">&rarr;<\/span><\/a><\/p>\n","protected":false},"author":1,"featured_media":0,"comment_status":"open","ping_status":"open","sticky":false,"template":"","format":"standard","meta":[],"categories":[1],"tags":[],"_links":{"self":[{"href":"https:\/\/slz612.com.br\/index.php\/wp-json\/wp\/v2\/posts\/898"}],"collection":[{"href":"https:\/\/slz612.com.br\/index.php\/wp-json\/wp\/v2\/posts"}],"about":[{"href":"https:\/\/slz612.com.br\/index.php\/wp-json\/wp\/v2\/types\/post"}],"author":[{"embeddable":true,"href":"https:\/\/slz612.com.br\/index.php\/wp-json\/wp\/v2\/users\/1"}],"replies":[{"embeddable":true,"href":"https:\/\/slz612.com.br\/index.php\/wp-json\/wp\/v2\/comments?post=898"}],"version-history":[{"count":1,"href":"https:\/\/slz612.com.br\/index.php\/wp-json\/wp\/v2\/posts\/898\/revisions"}],"predecessor-version":[{"id":900,"href":"https:\/\/slz612.com.br\/index.php\/wp-json\/wp\/v2\/posts\/898\/revisions\/900"}],"wp:attachment":[{"href":"https:\/\/slz612.com.br\/index.php\/wp-json\/wp\/v2\/media?parent=898"}],"wp:term":[{"taxonomy":"category","embeddable":true,"href":"https:\/\/slz612.com.br\/index.php\/wp-json\/wp\/v2\/categories?post=898"},{"taxonomy":"post_tag","embeddable":true,"href":"https:\/\/slz612.com.br\/index.php\/wp-json\/wp\/v2\/tags?post=898"}],"curies":[{"name":"wp","href":"https:\/\/api.w.org\/{rel}","templated":true}]}}