{"id":893,"date":"2020-05-14T19:00:08","date_gmt":"2020-05-14T22:00:08","guid":{"rendered":"https:\/\/slz612.com.br\/?p=893"},"modified":"2020-05-14T19:03:47","modified_gmt":"2020-05-14T22:03:47","slug":"cena-de-nudez-em-videoconferencia-com-presidente-bolsonaro","status":"publish","type":"post","link":"https:\/\/slz612.com.br\/index.php\/2020\/05\/14\/cena-de-nudez-em-videoconferencia-com-presidente-bolsonaro\/","title":{"rendered":"Cena de nudez em videoconfer\u00eancia com presidente Bolsonaro"},"content":{"rendered":"<div id=\"attachment_666\" style=\"width: 1390px\" class=\"wp-caption aligncenter\"><img aria-describedby=\"caption-attachment-666\" loading=\"lazy\" class=\"size-full wp-image-666\" src=\"https:\/\/slz612.com.br\/wp-content\/uploads\/2020\/03\/Bolsonaro-1.gif\" alt=\"\" width=\"1380\" height=\"920\" \/><p id=\"caption-attachment-666\" class=\"wp-caption-text\">Bolsonaro foi supreendido durante reuni\u00e3o com cena de nudez<\/p><\/div>\n<p>O presidente\u00a0Jair Bolsonaro\u00a0pediu que o ministro Paulo Guedes (Economia) interrompesse a\u00a0teleconfer\u00eancia que aconteceu nesta quinta-feira (14) de manh\u00e3 com empres\u00e1rios\u00a0para avisar que um dos participantes estava aparecendo pelado, tomando banho.<\/p>\n<p>&#8220;D\u00e1 uma parada a\u00ed, Paulo. \u00d4, Paulo, tem um colega do \u00faltimo quadrinho ali que t\u00e1&#8230;&#8221;, disse o presidente, que estava em uma sala no Pal\u00e1cio do Planalto, ao lado de Guedes, acompanhando por v\u00eddeo relatos de empres\u00e1rios.<\/p>\n<p>O ministro, ent\u00e3o, respondeu: &#8220;Tem um cara tomando banho a\u00ed. Tem um pelad\u00e3o a\u00ed. Fazendo isolamento pelad\u00e3o em casa e tal, beleza&#8221;. Depois, acrescentou: &#8220;O cara foi ficando com calor e foi tomar um banho frio&#8221;. O mediador do encontro, presidente da Fiesp, Paulo Skaf, ficou constrangido com a situa\u00e7\u00e3o e pediu desculpas pelo incidente.<\/p>\n<p>Bolsonaro disse, rindo, depois, que era um &#8220;quadro bastante sinuoso&#8221;. &#8220;Mas n\u00f3s vimos, infelizmente.&#8221; No encontro, do qual participaram diversos grandes empres\u00e1rios, como Abilio Diniz e Rubens Ometto, o presidente declarou que h\u00e1 uma verdadeira &#8220;guerra&#8221; contra os governadores pela abertura do com\u00e9rcio e pediu que o setor jogue pesado com eles.<\/p>\n<p>Mat\u00e9ria da colunista M\u00f4nica Bergamo<\/p>\n","protected":false},"excerpt":{"rendered":"<p>O presidente\u00a0Jair Bolsonaro\u00a0pediu que o ministro Paulo Guedes (Economia) interrompesse a\u00a0teleconfer\u00eancia que aconteceu nesta quinta-feira (14) de manh\u00e3 com empres\u00e1rios\u00a0para avisar que um dos participantes estava aparecendo pelado, tomando banho. &#8220;D\u00e1 uma parada a\u00ed, Paulo. \u00d4, Paulo, tem um colega &hellip; <a href=\"https:\/\/slz612.com.br\/index.php\/2020\/05\/14\/cena-de-nudez-em-videoconferencia-com-presidente-bolsonaro\/\">Continue lendo <span class=\"meta-nav\">&rarr;<\/span><\/a><\/p>\n","protected":false},"author":1,"featured_media":0,"comment_status":"open","ping_status":"open","sticky":false,"template":"","format":"standard","meta":[],"categories":[5],"tags":[],"_links":{"self":[{"href":"https:\/\/slz612.com.br\/index.php\/wp-json\/wp\/v2\/posts\/893"}],"collection":[{"href":"https:\/\/slz612.com.br\/index.php\/wp-json\/wp\/v2\/posts"}],"about":[{"href":"https:\/\/slz612.com.br\/index.php\/wp-json\/wp\/v2\/types\/post"}],"author":[{"embeddable":true,"href":"https:\/\/slz612.com.br\/index.php\/wp-json\/wp\/v2\/users\/1"}],"replies":[{"embeddable":true,"href":"https:\/\/slz612.com.br\/index.php\/wp-json\/wp\/v2\/comments?post=893"}],"version-history":[{"count":4,"href":"https:\/\/slz612.com.br\/index.php\/wp-json\/wp\/v2\/posts\/893\/revisions"}],"predecessor-version":[{"id":897,"href":"https:\/\/slz612.com.br\/index.php\/wp-json\/wp\/v2\/posts\/893\/revisions\/897"}],"wp:attachment":[{"href":"https:\/\/slz612.com.br\/index.php\/wp-json\/wp\/v2\/media?parent=893"}],"wp:term":[{"taxonomy":"category","embeddable":true,"href":"https:\/\/slz612.com.br\/index.php\/wp-json\/wp\/v2\/categories?post=893"},{"taxonomy":"post_tag","embeddable":true,"href":"https:\/\/slz612.com.br\/index.php\/wp-json\/wp\/v2\/tags?post=893"}],"curies":[{"name":"wp","href":"https:\/\/api.w.org\/{rel}","templated":true}]}}