{"id":870,"date":"2020-05-11T16:34:49","date_gmt":"2020-05-11T19:34:49","guid":{"rendered":"https:\/\/slz612.com.br\/?p=870"},"modified":"2020-05-11T16:36:04","modified_gmt":"2020-05-11T19:36:04","slug":"cantor-sertanejo-esta-curado-da-covid-19-e-quer-beijar","status":"publish","type":"post","link":"https:\/\/slz612.com.br\/index.php\/2020\/05\/11\/cantor-sertanejo-esta-curado-da-covid-19-e-quer-beijar\/","title":{"rendered":"Cantor sertanejo est\u00e1 curado da Covid-19 e quer beijar na boca"},"content":{"rendered":"<div id=\"attachment_872\" style=\"width: 850px\" class=\"wp-caption aligncenter\"><img aria-describedby=\"caption-attachment-872\" loading=\"lazy\" class=\"size-full wp-image-872\" src=\"https:\/\/slz612.com.br\/wp-content\/uploads\/2020\/05\/mariano1.jpg\" alt=\"\" width=\"840\" height=\"560\" srcset=\"https:\/\/slz612.com.br\/wp-content\/uploads\/2020\/05\/mariano1.jpg 840w, https:\/\/slz612.com.br\/wp-content\/uploads\/2020\/05\/mariano1-300x200.jpg 300w, https:\/\/slz612.com.br\/wp-content\/uploads\/2020\/05\/mariano1-768x512.jpg 768w, https:\/\/slz612.com.br\/wp-content\/uploads\/2020\/05\/mariano1-450x300.jpg 450w\" sizes=\"(max-width: 840px) 100vw, 840px\" \/><p id=\"caption-attachment-872\" class=\"wp-caption-text\">Mariano fez sucesso com aa m\u00fasica do Camaru Amarelo<\/p><\/div>\n<p>O sertanejo Mariano, que faz dupla com Munhoz, j\u00e1 est\u00e1 recuperado do novo coronav\u00edrus e segue em isolamento junto com a fam\u00edlia na ch\u00e1cara que possui no Mato Grosso do Sul. O cantor, de 33 anos, disse que est\u00e1 se mantendo ocupado nesta quarentena, mas sente falta dar uns beijos na boca.<\/p>\n<p>\u201cNa ch\u00e1cara, o servi\u00e7o n\u00e3o acaba nunca. Levanto \u00e0s 6h todos os dias para cuidar dos animais, alimentar os peixes, cuidar do jardim, limpar as coisas\u201d, disse Mariano em entrevista \u00e0 Quem. Al\u00e9m desses afazeres, o cantor se prepara para uma live no YouTube junto com Munhoz, que est\u00e1 marcada para o dia 26 de maio.<\/p>\n<p>\u201cEstamos montando uma estrutura com palco e cen\u00e1rio para live. Estamos tomando todo o cuidado para montar, reduzindo o n\u00famero de pessoas trabalhando nisso e fazendo tudo com anteced\u00eancia. A ideia \u00e9 fazer tr\u00eas horas e meia de show com as m\u00fasicas do come\u00e7o da carreira e atuais. Al\u00e9m disso, a live vai ter o fundo solid\u00e1rio\u201d, adiantou.<\/p>\n<p>Solteiro desde o come\u00e7o do ano, quando anunciou o fim do relacionamento com a ex-bailarina do Faust\u00e3o Carla Prata, Mariano disse que est\u00e1 h\u00e1 meses na seca. \u201cDepois do primeiro beijo, nunca tinha ficado tanto tempo sem dar um beijo na boca . Mas n\u00e3o tem jeito, estou solteiro e tenho que respeitar o isolamento. \u00c9 dif\u00edcil, mas tem que esperar isso passar.\u201d<\/p>\n<p>O sertanejo foi uma das celebridades que testaram positivo para a Covid-19. Ele precisou passar cinco dias na UTI e depois ficou isolado em um apartamento no interior de S\u00e3o Paulo.<\/p>\n<p>\u201cGra\u00e7as a Deus estou curado e meus sintomas foram tranquilos. Tive um pouco de dor no corpo, princ\u00edpios de febre e dor de garganta. O que mais me incomodou foi a perda do paladar e olfato. N\u00e3o sentia o gosto de nada. Mas continuei me alimentando mesmo assim de forma saud\u00e1vel para poder ficar bem logo\u201d, contou Mariano .<\/p>\n","protected":false},"excerpt":{"rendered":"<p>O sertanejo Mariano, que faz dupla com Munhoz, j\u00e1 est\u00e1 recuperado do novo coronav\u00edrus e segue em isolamento junto com a fam\u00edlia na ch\u00e1cara que possui no Mato Grosso do Sul. O cantor, de 33 anos, disse que est\u00e1 se &hellip; <a href=\"https:\/\/slz612.com.br\/index.php\/2020\/05\/11\/cantor-sertanejo-esta-curado-da-covid-19-e-quer-beijar\/\">Continue lendo <span class=\"meta-nav\">&rarr;<\/span><\/a><\/p>\n","protected":false},"author":1,"featured_media":0,"comment_status":"open","ping_status":"open","sticky":false,"template":"","format":"standard","meta":[],"categories":[7,1],"tags":[],"_links":{"self":[{"href":"https:\/\/slz612.com.br\/index.php\/wp-json\/wp\/v2\/posts\/870"}],"collection":[{"href":"https:\/\/slz612.com.br\/index.php\/wp-json\/wp\/v2\/posts"}],"about":[{"href":"https:\/\/slz612.com.br\/index.php\/wp-json\/wp\/v2\/types\/post"}],"author":[{"embeddable":true,"href":"https:\/\/slz612.com.br\/index.php\/wp-json\/wp\/v2\/users\/1"}],"replies":[{"embeddable":true,"href":"https:\/\/slz612.com.br\/index.php\/wp-json\/wp\/v2\/comments?post=870"}],"version-history":[{"count":2,"href":"https:\/\/slz612.com.br\/index.php\/wp-json\/wp\/v2\/posts\/870\/revisions"}],"predecessor-version":[{"id":874,"href":"https:\/\/slz612.com.br\/index.php\/wp-json\/wp\/v2\/posts\/870\/revisions\/874"}],"wp:attachment":[{"href":"https:\/\/slz612.com.br\/index.php\/wp-json\/wp\/v2\/media?parent=870"}],"wp:term":[{"taxonomy":"category","embeddable":true,"href":"https:\/\/slz612.com.br\/index.php\/wp-json\/wp\/v2\/categories?post=870"},{"taxonomy":"post_tag","embeddable":true,"href":"https:\/\/slz612.com.br\/index.php\/wp-json\/wp\/v2\/tags?post=870"}],"curies":[{"name":"wp","href":"https:\/\/api.w.org\/{rel}","templated":true}]}}