{"id":861,"date":"2020-05-08T14:02:51","date_gmt":"2020-05-08T17:02:51","guid":{"rendered":"https:\/\/slz612.com.br\/?p=861"},"modified":"2020-05-08T14:04:06","modified_gmt":"2020-05-08T17:04:06","slug":"ladroes-usam-mascaras-e-fazem-raspa-em-supermercado","status":"publish","type":"post","link":"https:\/\/slz612.com.br\/index.php\/2020\/05\/08\/ladroes-usam-mascaras-e-fazem-raspa-em-supermercado\/","title":{"rendered":"Ladr\u00f5es usam m\u00e1scaras e fazem raspa em supermercado"},"content":{"rendered":"<div id=\"attachment_862\" style=\"width: 787px\" class=\"wp-caption aligncenter\"><img aria-describedby=\"caption-attachment-862\" loading=\"lazy\" class=\"size-full wp-image-862\" src=\"https:\/\/slz612.com.br\/wp-content\/uploads\/2020\/05\/assalto.jpg\" alt=\"\" width=\"777\" height=\"420\" srcset=\"https:\/\/slz612.com.br\/wp-content\/uploads\/2020\/05\/assalto.jpg 777w, https:\/\/slz612.com.br\/wp-content\/uploads\/2020\/05\/assalto-300x162.jpg 300w, https:\/\/slz612.com.br\/wp-content\/uploads\/2020\/05\/assalto-768x415.jpg 768w, https:\/\/slz612.com.br\/wp-content\/uploads\/2020\/05\/assalto-500x270.jpg 500w\" sizes=\"(max-width: 777px) 100vw, 777px\" \/><p id=\"caption-attachment-862\" class=\"wp-caption-text\">Dupla aproveitou o momento da pandemia e agiu de m\u00e1scara<\/p><\/div>\n<p>Uma dupla de assaltantes armados, usou m\u00e1scaras de prote\u00e7\u00e3o contra o novo Coronav\u00edrus (Covid-19), para cometer assalto em um supermercado. O fato ocorreu por volta de 12h, na tarde da dau \u00faltima quarta-feira (6), no munic\u00edpio de Coari (distante a 363 quil\u00f4metros de Manaus).<\/p>\n<p>C\u00e2meras de seguran\u00e7a registraram toda a a\u00e7\u00e3o criminosa, a dupla entrou no estabelecimento portando uma arma de fogo e imediatamente rendeu funcion\u00e1rios e clientes, em seguida eles pegam toda a renda do caixa, no total de R$ 2 mil e deixaram o estabelecimento comercial. Causando indigna\u00e7\u00e3o e perpecidade.<\/p>\n<p>Chama aten\u00e7\u00e3o o fato de os criminosos usarem um artif\u00edcio ardiloso na empreitada criminosa. Como neste per\u00edodo de pandemia o uso de m\u00e1scara ajuda a evitar o cont\u00e1gio pelo novo coronav\u00edrus, ao chegarem no supermercado, de m\u00e1scaras, as pessoas at\u00e9 se sentiram seguras em rela\u00e7\u00e3o \u00e0 contamina\u00e7\u00e3o, mas por outro lado viraram presas f\u00e1ceis da dupla de marginais.<\/p>\n<p>At\u00e9 o in\u00edcio da tarde desta sexta-feira os criminosos ainda n\u00e3o haviam sido identificados devido o uso das m\u00e1scaras. Mas a pol\u00edcia investiga o caso.<\/p>\n","protected":false},"excerpt":{"rendered":"<p>Uma dupla de assaltantes armados, usou m\u00e1scaras de prote\u00e7\u00e3o contra o novo Coronav\u00edrus (Covid-19), para cometer assalto em um supermercado. O fato ocorreu por volta de 12h, na tarde da dau \u00faltima quarta-feira (6), no munic\u00edpio de Coari (distante a &hellip; <a href=\"https:\/\/slz612.com.br\/index.php\/2020\/05\/08\/ladroes-usam-mascaras-e-fazem-raspa-em-supermercado\/\">Continue lendo <span class=\"meta-nav\">&rarr;<\/span><\/a><\/p>\n","protected":false},"author":1,"featured_media":0,"comment_status":"open","ping_status":"open","sticky":false,"template":"","format":"standard","meta":[],"categories":[1],"tags":[],"_links":{"self":[{"href":"https:\/\/slz612.com.br\/index.php\/wp-json\/wp\/v2\/posts\/861"}],"collection":[{"href":"https:\/\/slz612.com.br\/index.php\/wp-json\/wp\/v2\/posts"}],"about":[{"href":"https:\/\/slz612.com.br\/index.php\/wp-json\/wp\/v2\/types\/post"}],"author":[{"embeddable":true,"href":"https:\/\/slz612.com.br\/index.php\/wp-json\/wp\/v2\/users\/1"}],"replies":[{"embeddable":true,"href":"https:\/\/slz612.com.br\/index.php\/wp-json\/wp\/v2\/comments?post=861"}],"version-history":[{"count":2,"href":"https:\/\/slz612.com.br\/index.php\/wp-json\/wp\/v2\/posts\/861\/revisions"}],"predecessor-version":[{"id":864,"href":"https:\/\/slz612.com.br\/index.php\/wp-json\/wp\/v2\/posts\/861\/revisions\/864"}],"wp:attachment":[{"href":"https:\/\/slz612.com.br\/index.php\/wp-json\/wp\/v2\/media?parent=861"}],"wp:term":[{"taxonomy":"category","embeddable":true,"href":"https:\/\/slz612.com.br\/index.php\/wp-json\/wp\/v2\/categories?post=861"},{"taxonomy":"post_tag","embeddable":true,"href":"https:\/\/slz612.com.br\/index.php\/wp-json\/wp\/v2\/tags?post=861"}],"curies":[{"name":"wp","href":"https:\/\/api.w.org\/{rel}","templated":true}]}}