{"id":849,"date":"2020-05-06T10:12:43","date_gmt":"2020-05-06T13:12:43","guid":{"rendered":"https:\/\/slz612.com.br\/?p=849"},"modified":"2020-05-06T10:15:46","modified_gmt":"2020-05-06T13:15:46","slug":"cantora-famosa-posta-foto-de-aniversario-e-choca-o-mundo","status":"publish","type":"post","link":"https:\/\/slz612.com.br\/index.php\/2020\/05\/06\/cantora-famosa-posta-foto-de-aniversario-e-choca-o-mundo\/","title":{"rendered":"Cantora famosa posta foto de anivers\u00e1rio e choca o mundo"},"content":{"rendered":"<div id=\"attachment_850\" style=\"width: 660px\" class=\"wp-caption aligncenter\"><img aria-describedby=\"caption-attachment-850\" loading=\"lazy\" class=\"size-full wp-image-850\" src=\"https:\/\/slz612.com.br\/wp-content\/uploads\/2020\/05\/img_975x6502020_01_06_13_43_06_145927.jpg\" alt=\"\" width=\"650\" height=\"650\" srcset=\"https:\/\/slz612.com.br\/wp-content\/uploads\/2020\/05\/img_975x6502020_01_06_13_43_06_145927.jpg 650w, https:\/\/slz612.com.br\/wp-content\/uploads\/2020\/05\/img_975x6502020_01_06_13_43_06_145927-300x300.jpg 300w, https:\/\/slz612.com.br\/wp-content\/uploads\/2020\/05\/img_975x6502020_01_06_13_43_06_145927-150x150.jpg 150w\" sizes=\"(max-width: 650px) 100vw, 650px\" \/><p id=\"caption-attachment-850\" class=\"wp-caption-text\">Adele completou 32 anos e mostra o quanto emagreceu<\/p><\/div>\n<p>A cantora brit\u00e2nica\u00a0Adele, que completou 32 anos de idade na ter\u00e7a-feira (5), postou uma foto rara na madrugada de quarta (6) para agradecer pelas mensagens de carinho de amigos, familiares e f\u00e3s.<\/p>\n<p>&#8220;Obrigado por todo o amor neste anivers\u00e1rio. Espero que todos estejam seguros e s\u00e3os durante esse per\u00edodo louco. Gostaria de agradecer a todos os nossos socorristas e funcion\u00e1rios essenciais que nos mant\u00eam seguros enquanto arriscam suas vidas! Voc\u00eas s\u00e3o verdadeiramente nossos anjo. 2020, ok, tchau e obrigada&#8221;, escreveu ela.<\/p>\n<p>A apari\u00e7\u00e3o rara de Adele \u00e9 o primeiro post dela este ano. A \u00faltima publica\u00e7\u00e3o dela havia sido no dia 23 de dezembro, quando posou com o Grinch e Papai Noel em fotos \u00e0s v\u00e9speras do Natal.<\/p>\n<h1>EMAGRECIMENTO<\/h1>\n<p>A cantora brit\u00e2nica j\u00e1 tinha dado uma entrevista onde confessou que come\u00e7ou a perde peso depois de ter deixado de fumar, aboliu o ch\u00e1 com a\u00e7\u00facar da sua alimenta\u00e7\u00e3o e tornou-se vegetariana. H\u00e1bitos que fizeram com que, aos 32 anos, a artista possa exibir um emagrecimento surpreendente que n\u00e3o passa despercebido aos olhos dos milares de seguidores que a acompanham.<\/p>\n<p>A diferen\u00e7a \u00e9 not\u00f3ria n\u00e3o s\u00f3 no corpo da estrela, como tamb\u00e9m no rosto, que est\u00e1 mais magro e delineado.<\/p>\n","protected":false},"excerpt":{"rendered":"<p>A cantora brit\u00e2nica\u00a0Adele, que completou 32 anos de idade na ter\u00e7a-feira (5), postou uma foto rara na madrugada de quarta (6) para agradecer pelas mensagens de carinho de amigos, familiares e f\u00e3s. &#8220;Obrigado por todo o amor neste anivers\u00e1rio. Espero &hellip; <a href=\"https:\/\/slz612.com.br\/index.php\/2020\/05\/06\/cantora-famosa-posta-foto-de-aniversario-e-choca-o-mundo\/\">Continue lendo <span class=\"meta-nav\">&rarr;<\/span><\/a><\/p>\n","protected":false},"author":1,"featured_media":0,"comment_status":"open","ping_status":"open","sticky":false,"template":"","format":"standard","meta":[],"categories":[7],"tags":[],"_links":{"self":[{"href":"https:\/\/slz612.com.br\/index.php\/wp-json\/wp\/v2\/posts\/849"}],"collection":[{"href":"https:\/\/slz612.com.br\/index.php\/wp-json\/wp\/v2\/posts"}],"about":[{"href":"https:\/\/slz612.com.br\/index.php\/wp-json\/wp\/v2\/types\/post"}],"author":[{"embeddable":true,"href":"https:\/\/slz612.com.br\/index.php\/wp-json\/wp\/v2\/users\/1"}],"replies":[{"embeddable":true,"href":"https:\/\/slz612.com.br\/index.php\/wp-json\/wp\/v2\/comments?post=849"}],"version-history":[{"count":3,"href":"https:\/\/slz612.com.br\/index.php\/wp-json\/wp\/v2\/posts\/849\/revisions"}],"predecessor-version":[{"id":853,"href":"https:\/\/slz612.com.br\/index.php\/wp-json\/wp\/v2\/posts\/849\/revisions\/853"}],"wp:attachment":[{"href":"https:\/\/slz612.com.br\/index.php\/wp-json\/wp\/v2\/media?parent=849"}],"wp:term":[{"taxonomy":"category","embeddable":true,"href":"https:\/\/slz612.com.br\/index.php\/wp-json\/wp\/v2\/categories?post=849"},{"taxonomy":"post_tag","embeddable":true,"href":"https:\/\/slz612.com.br\/index.php\/wp-json\/wp\/v2\/tags?post=849"}],"curies":[{"name":"wp","href":"https:\/\/api.w.org\/{rel}","templated":true}]}}