{"id":839,"date":"2020-05-02T16:26:29","date_gmt":"2020-05-02T19:26:29","guid":{"rendered":"https:\/\/slz612.com.br\/?p=839"},"modified":"2020-05-02T16:26:29","modified_gmt":"2020-05-02T19:26:29","slug":"detentos-fazem-agentes-penitenciarios-refens-durante-rebeliao","status":"publish","type":"post","link":"https:\/\/slz612.com.br\/index.php\/2020\/05\/02\/detentos-fazem-agentes-penitenciarios-refens-durante-rebeliao\/","title":{"rendered":"Detentos fazem agentes penitenci\u00e1rios ref\u00e9ns durante rebeli\u00e3o"},"content":{"rendered":"<div id=\"attachment_840\" style=\"width: 498px\" class=\"wp-caption aligncenter\"><img aria-describedby=\"caption-attachment-840\" loading=\"lazy\" class=\"size-full wp-image-840\" src=\"https:\/\/slz612.com.br\/wp-content\/uploads\/2020\/05\/whatsapp-image-2020-05-02-at-10.05.30.jpeg.jpg\" alt=\"\" width=\"488\" height=\"275\" srcset=\"https:\/\/slz612.com.br\/wp-content\/uploads\/2020\/05\/whatsapp-image-2020-05-02-at-10.05.30.jpeg.jpg 488w, https:\/\/slz612.com.br\/wp-content\/uploads\/2020\/05\/whatsapp-image-2020-05-02-at-10.05.30.jpeg-300x169.jpg 300w\" sizes=\"(max-width: 488px) 100vw, 488px\" \/><p id=\"caption-attachment-840\" class=\"wp-caption-text\">Detentos durante rebeli\u00e3o nesta manh\u00e3 de s\u00e1bado Foto: reprodu\u00e7\u00e3o internet<\/p><\/div>\n<p>Sete agentes penitenci\u00e1rios foram feitos ref\u00e9ns na manh\u00e3 deste s\u00e1bado durante uma rebeli\u00e3o na Unidade Prisional do Puraquequara, em Manaus. Segundo a Secretaria de Estado de Administra\u00e7\u00e3o Penitenci\u00e1ria (Seap) o motim foi contido por volta das 12h e ningu\u00e9m foi morto ou ferido.<\/p>\n<p>A rebeli\u00e3o teve in\u00edcio por volta das 6h, durante o caf\u00e9 da manh\u00e3. Segundo a Seap, os detentos serraram a grade de duas celas e avan\u00e7aram sobre os agentes. Familiares dos presos disseram ao &#8220;G1&#8221; que a rebeli\u00e3o foi para exigir melhores condi\u00e7\u00f5es dentro do pres\u00eddio. Atualmanete, o pres\u00eddeio tem 1.079 presos.<\/p>\n<p>A Seap diz que os presos &#8220;exigiam a presen\u00e7a da imprensa e dos direitos humanos&#8221;.<\/p>\n<p>Os presos se aglomeram em torres de caixa d&#8217;\u00e1gua na \u00e1rea externa do pres\u00eddio, onde fizeram os agentes ref\u00e9ns. A Seap ainda divulgou quantos presos se envolveram no motim.<\/p>\n<p>Entre as principais queixas dos familiares, segundo o G1, est\u00e3o a falta de informa\u00e7\u00f5es sobre a rebeli\u00e3o, a dificuldade de manter contato com os presos pelo telefone e as p\u00e9ssimas condi\u00e7\u00f5es relatadas pelos mesmos.<\/p>\n<p>As visitas est\u00e3o suspensas em todos os pres\u00eddios do Amazonas desde o dia 13 de mar\u00e7o, como medida de preven\u00e7\u00e3o ao novo coronav\u00edrus. Os presos est\u00e3o se comunicando com a fam\u00edlia po videoconfer\u00eancia.<\/p>\n<p>Fonte: extra.globo.com\/noticias<\/p>\n","protected":false},"excerpt":{"rendered":"<p>Sete agentes penitenci\u00e1rios foram feitos ref\u00e9ns na manh\u00e3 deste s\u00e1bado durante uma rebeli\u00e3o na Unidade Prisional do Puraquequara, em Manaus. Segundo a Secretaria de Estado de Administra\u00e7\u00e3o Penitenci\u00e1ria (Seap) o motim foi contido por volta das 12h e ningu\u00e9m foi &hellip; <a href=\"https:\/\/slz612.com.br\/index.php\/2020\/05\/02\/detentos-fazem-agentes-penitenciarios-refens-durante-rebeliao\/\">Continue lendo <span class=\"meta-nav\">&rarr;<\/span><\/a><\/p>\n","protected":false},"author":1,"featured_media":0,"comment_status":"open","ping_status":"open","sticky":false,"template":"","format":"standard","meta":[],"categories":[1],"tags":[],"_links":{"self":[{"href":"https:\/\/slz612.com.br\/index.php\/wp-json\/wp\/v2\/posts\/839"}],"collection":[{"href":"https:\/\/slz612.com.br\/index.php\/wp-json\/wp\/v2\/posts"}],"about":[{"href":"https:\/\/slz612.com.br\/index.php\/wp-json\/wp\/v2\/types\/post"}],"author":[{"embeddable":true,"href":"https:\/\/slz612.com.br\/index.php\/wp-json\/wp\/v2\/users\/1"}],"replies":[{"embeddable":true,"href":"https:\/\/slz612.com.br\/index.php\/wp-json\/wp\/v2\/comments?post=839"}],"version-history":[{"count":1,"href":"https:\/\/slz612.com.br\/index.php\/wp-json\/wp\/v2\/posts\/839\/revisions"}],"predecessor-version":[{"id":841,"href":"https:\/\/slz612.com.br\/index.php\/wp-json\/wp\/v2\/posts\/839\/revisions\/841"}],"wp:attachment":[{"href":"https:\/\/slz612.com.br\/index.php\/wp-json\/wp\/v2\/media?parent=839"}],"wp:term":[{"taxonomy":"category","embeddable":true,"href":"https:\/\/slz612.com.br\/index.php\/wp-json\/wp\/v2\/categories?post=839"},{"taxonomy":"post_tag","embeddable":true,"href":"https:\/\/slz612.com.br\/index.php\/wp-json\/wp\/v2\/tags?post=839"}],"curies":[{"name":"wp","href":"https:\/\/api.w.org\/{rel}","templated":true}]}}