{"id":832,"date":"2020-05-01T17:15:18","date_gmt":"2020-05-01T20:15:18","guid":{"rendered":"https:\/\/slz612.com.br\/?p=832"},"modified":"2020-05-01T17:18:31","modified_gmt":"2020-05-01T20:18:31","slug":"apresentadora-da-record-chora-durante-progama-e-acaba-afastada-da-telinha","status":"publish","type":"post","link":"https:\/\/slz612.com.br\/index.php\/2020\/05\/01\/apresentadora-da-record-chora-durante-progama-e-acaba-afastada-da-telinha\/","title":{"rendered":"Apresentadora da Record chora durante progama e acaba afastada da telinha"},"content":{"rendered":"<div id=\"attachment_834\" style=\"width: 778px\" class=\"wp-caption alignnone\"><img aria-describedby=\"caption-attachment-834\" loading=\"lazy\" class=\"size-full wp-image-834\" src=\"https:\/\/slz612.com.br\/wp-content\/uploads\/2020\/05\/Adriana-Araujo-no-JR-768x472-1.jpg\" alt=\"\" width=\"768\" height=\"472\" srcset=\"https:\/\/slz612.com.br\/wp-content\/uploads\/2020\/05\/Adriana-Araujo-no-JR-768x472-1.jpg 768w, https:\/\/slz612.com.br\/wp-content\/uploads\/2020\/05\/Adriana-Araujo-no-JR-768x472-1-300x184.jpg 300w, https:\/\/slz612.com.br\/wp-content\/uploads\/2020\/05\/Adriana-Araujo-no-JR-768x472-1-488x300.jpg 488w\" sizes=\"(max-width: 768px) 100vw, 768px\" \/><p id=\"caption-attachment-834\" class=\"wp-caption-text\">Apresentadora Adriana Ara\u00fajo teria se desentendido com dire\u00e7\u00e3o da Record<\/p><\/div>\n<p>De acordo com o site\u00a0Not\u00edcias da TV\u00a0, a apresentadora do &#8220;Jornal da Record&#8221;,Adriana Ara\u00fajo (ex-Globo), teria sido afastada e for\u00e7ada a tirar f\u00e9rias ap\u00f3s ter uma crise de choro na edi\u00e7\u00e3o do programa do \u00faltimo dia 21 de abril. A jornalista foi substitu\u00edda por Janine Borba, outra ex-global.<\/p>\n<p>Entre os supostos motivos para a suspens\u00e3o dela seria uma discuss\u00e3o que Adriana teve com a chefia sobre a linha editorial do &#8220;Jornal da\u00a0Record\u00a0&#8220;. Segundo o site, ela teria se incomodado por estar &#8220;emprestando sua imagem a um telejornal governista&#8221;.<\/p>\n<p>A jornalista teria se queixado de uma reportagem sobre a situa\u00e7\u00e3o do sistema de sa\u00fade p\u00fablica de Manaus, onde corpos de v\u00edtimas da\u00a0Covid-19\u00a0estavam sendo guardados em caminh\u00f5es frigor\u00edficos. A mat\u00e9ria deveria ter irdo ao ar no dia 21, mas foi vetada.<\/p>\n<p>No dia seguinte, a apresentadora teria tido uma conversa com o vice-presidente de Jornalismo da\u00a0Record\u00a0, Antonio Guerreiro, e em seguida teriam concedido f\u00e9rias \u00e0 ela, tr\u00eas meses ap\u00f3s retornar de um descanso de 15 dias.<\/p>\n","protected":false},"excerpt":{"rendered":"<p>De acordo com o site\u00a0Not\u00edcias da TV\u00a0, a apresentadora do &#8220;Jornal da Record&#8221;,Adriana Ara\u00fajo (ex-Globo), teria sido afastada e for\u00e7ada a tirar f\u00e9rias ap\u00f3s ter uma crise de choro na edi\u00e7\u00e3o do programa do \u00faltimo dia 21 de abril. A &hellip; <a href=\"https:\/\/slz612.com.br\/index.php\/2020\/05\/01\/apresentadora-da-record-chora-durante-progama-e-acaba-afastada-da-telinha\/\">Continue lendo <span class=\"meta-nav\">&rarr;<\/span><\/a><\/p>\n","protected":false},"author":1,"featured_media":0,"comment_status":"open","ping_status":"open","sticky":false,"template":"","format":"standard","meta":[],"categories":[7,1],"tags":[],"_links":{"self":[{"href":"https:\/\/slz612.com.br\/index.php\/wp-json\/wp\/v2\/posts\/832"}],"collection":[{"href":"https:\/\/slz612.com.br\/index.php\/wp-json\/wp\/v2\/posts"}],"about":[{"href":"https:\/\/slz612.com.br\/index.php\/wp-json\/wp\/v2\/types\/post"}],"author":[{"embeddable":true,"href":"https:\/\/slz612.com.br\/index.php\/wp-json\/wp\/v2\/users\/1"}],"replies":[{"embeddable":true,"href":"https:\/\/slz612.com.br\/index.php\/wp-json\/wp\/v2\/comments?post=832"}],"version-history":[{"count":3,"href":"https:\/\/slz612.com.br\/index.php\/wp-json\/wp\/v2\/posts\/832\/revisions"}],"predecessor-version":[{"id":837,"href":"https:\/\/slz612.com.br\/index.php\/wp-json\/wp\/v2\/posts\/832\/revisions\/837"}],"wp:attachment":[{"href":"https:\/\/slz612.com.br\/index.php\/wp-json\/wp\/v2\/media?parent=832"}],"wp:term":[{"taxonomy":"category","embeddable":true,"href":"https:\/\/slz612.com.br\/index.php\/wp-json\/wp\/v2\/categories?post=832"},{"taxonomy":"post_tag","embeddable":true,"href":"https:\/\/slz612.com.br\/index.php\/wp-json\/wp\/v2\/tags?post=832"}],"curies":[{"name":"wp","href":"https:\/\/api.w.org\/{rel}","templated":true}]}}