{"id":829,"date":"2020-04-30T15:31:54","date_gmt":"2020-04-30T18:31:54","guid":{"rendered":"https:\/\/slz612.com.br\/?p=829"},"modified":"2020-04-30T15:31:54","modified_gmt":"2020-04-30T18:31:54","slug":"por-que-bolsonaro-nao-quer-mostrar-resultado-do-exame-pra-covid-19","status":"publish","type":"post","link":"https:\/\/slz612.com.br\/index.php\/2020\/04\/30\/por-que-bolsonaro-nao-quer-mostrar-resultado-do-exame-pra-covid-19\/","title":{"rendered":"Por que Bolsonaro n\u00e3o quer mostrar resultado do exame pra Covid-19?"},"content":{"rendered":"<div id=\"attachment_464\" style=\"width: 1096px\" class=\"wp-caption aligncenter\"><img aria-describedby=\"caption-attachment-464\" loading=\"lazy\" class=\"size-full wp-image-464\" src=\"https:\/\/slz612.com.br\/wp-content\/uploads\/2020\/01\/bolso-e-mourao.jpg\" alt=\"\" width=\"1086\" height=\"652\" srcset=\"https:\/\/slz612.com.br\/wp-content\/uploads\/2020\/01\/bolso-e-mourao.jpg 1086w, https:\/\/slz612.com.br\/wp-content\/uploads\/2020\/01\/bolso-e-mourao-300x180.jpg 300w, https:\/\/slz612.com.br\/wp-content\/uploads\/2020\/01\/bolso-e-mourao-1024x615.jpg 1024w, https:\/\/slz612.com.br\/wp-content\/uploads\/2020\/01\/bolso-e-mourao-768x461.jpg 768w, https:\/\/slz612.com.br\/wp-content\/uploads\/2020\/01\/bolso-e-mourao-500x300.jpg 500w\" sizes=\"(max-width: 1086px) 100vw, 1086px\" \/><p id=\"caption-attachment-464\" class=\"wp-caption-text\">Bolsonaro ao lado do vice-presidente General Mour\u00e3o<br \/>foto: reprodu\u00e7\u00e3o internet<\/p><\/div>\n<p>O presidente Jair Bolsonaro disse nesta quinta-feira (3) que n\u00e3o vai apresentar o resultado de seus\u00a0exames para covid-19. O jornal\u00a0O Estado de S. Paulo\u00a0obteve na Justi\u00e7a Federal o\u00a0direito de ter acesso aos testes feitos pelo presidente\u00a0em mar\u00e7o. Bolsonaro disse que se sentir\u00e1 &#8220;violentado&#8221; se tiver de apresentar o exame. O prazo para a entrega dos resultados vence hoje. Segundo o presidente, a Advocacia-Geral da Uni\u00e3o &#8220;deve ter recorrido&#8221; da decis\u00e3o.<\/p>\n<p>\u201cVoc\u00ea sabe que se n\u00f3s dois tivermos com uma doen\u00e7a grave n\u00f3s n\u00e3o somos obrigados a divulgar o laudo. Isso \u00e9 uma lei. E a lei vale pra todo mundo, est\u00e1 ok? A AGU deve ter recorrido, e se n\u00f3s perdermos o recurso, da\u00ed vai ser apresentado. E vou me sentir violentado. A lei vale para o presidente e para o mais humilde cidad\u00e3o brasileiro\u201d, disse a jornalistas no Pal\u00e1cio da Alvorada nesta manh\u00e3.<\/p>\n<p>Em mar\u00e7o, pelo menos 22 integrantes da comitiva presidencial aos\u00a0Estados Unidos\u00a0foram infectados pela\u00a0covid-19.O presidente fez testes, disse que o resultado foi negativo, mas se recusou a mostrar os pap\u00e9is.<\/p>\n<p>Mat\u00e9ria completa: <a href=\"https:\/\/congressoemfoco.uol.com.br\/governo\/bolsonaro-desafia-decisao-judicial-e-se-recusa-a-mostrar-exames-de-covid-19\/\">congressoemfoco.uol.com.br<\/a><\/p>\n","protected":false},"excerpt":{"rendered":"<p>O presidente Jair Bolsonaro disse nesta quinta-feira (3) que n\u00e3o vai apresentar o resultado de seus\u00a0exames para covid-19. O jornal\u00a0O Estado de S. Paulo\u00a0obteve na Justi\u00e7a Federal o\u00a0direito de ter acesso aos testes feitos pelo presidente\u00a0em mar\u00e7o. Bolsonaro disse que &hellip; <a href=\"https:\/\/slz612.com.br\/index.php\/2020\/04\/30\/por-que-bolsonaro-nao-quer-mostrar-resultado-do-exame-pra-covid-19\/\">Continue lendo <span class=\"meta-nav\">&rarr;<\/span><\/a><\/p>\n","protected":false},"author":1,"featured_media":0,"comment_status":"open","ping_status":"open","sticky":false,"template":"","format":"standard","meta":[],"categories":[5],"tags":[],"_links":{"self":[{"href":"https:\/\/slz612.com.br\/index.php\/wp-json\/wp\/v2\/posts\/829"}],"collection":[{"href":"https:\/\/slz612.com.br\/index.php\/wp-json\/wp\/v2\/posts"}],"about":[{"href":"https:\/\/slz612.com.br\/index.php\/wp-json\/wp\/v2\/types\/post"}],"author":[{"embeddable":true,"href":"https:\/\/slz612.com.br\/index.php\/wp-json\/wp\/v2\/users\/1"}],"replies":[{"embeddable":true,"href":"https:\/\/slz612.com.br\/index.php\/wp-json\/wp\/v2\/comments?post=829"}],"version-history":[{"count":1,"href":"https:\/\/slz612.com.br\/index.php\/wp-json\/wp\/v2\/posts\/829\/revisions"}],"predecessor-version":[{"id":830,"href":"https:\/\/slz612.com.br\/index.php\/wp-json\/wp\/v2\/posts\/829\/revisions\/830"}],"wp:attachment":[{"href":"https:\/\/slz612.com.br\/index.php\/wp-json\/wp\/v2\/media?parent=829"}],"wp:term":[{"taxonomy":"category","embeddable":true,"href":"https:\/\/slz612.com.br\/index.php\/wp-json\/wp\/v2\/categories?post=829"},{"taxonomy":"post_tag","embeddable":true,"href":"https:\/\/slz612.com.br\/index.php\/wp-json\/wp\/v2\/tags?post=829"}],"curies":[{"name":"wp","href":"https:\/\/api.w.org\/{rel}","templated":true}]}}