{"id":825,"date":"2020-04-29T15:53:45","date_gmt":"2020-04-29T18:53:45","guid":{"rendered":"https:\/\/slz612.com.br\/?p=825"},"modified":"2020-04-29T15:54:48","modified_gmt":"2020-04-29T18:54:48","slug":"apresentador-da-rede-tv-tem-saude-agravada-pelo-coronavirus","status":"publish","type":"post","link":"https:\/\/slz612.com.br\/index.php\/2020\/04\/29\/apresentador-da-rede-tv-tem-saude-agravada-pelo-coronavirus\/","title":{"rendered":"Apresentador da Rede TV tem sa\u00fade agravada pelo coronavirus"},"content":{"rendered":"<div id=\"attachment_826\" style=\"width: 1376px\" class=\"wp-caption aligncenter\"><img aria-describedby=\"caption-attachment-826\" loading=\"lazy\" class=\"size-full wp-image-826\" src=\"https:\/\/slz612.com.br\/wp-content\/uploads\/2020\/04\/sikera-jr.jpg\" alt=\"\" width=\"1366\" height=\"768\" srcset=\"https:\/\/slz612.com.br\/wp-content\/uploads\/2020\/04\/sikera-jr.jpg 1366w, https:\/\/slz612.com.br\/wp-content\/uploads\/2020\/04\/sikera-jr-300x169.jpg 300w, https:\/\/slz612.com.br\/wp-content\/uploads\/2020\/04\/sikera-jr-1024x576.jpg 1024w, https:\/\/slz612.com.br\/wp-content\/uploads\/2020\/04\/sikera-jr-768x432.jpg 768w, https:\/\/slz612.com.br\/wp-content\/uploads\/2020\/04\/sikera-jr-500x281.jpg 500w\" sizes=\"(max-width: 1366px) 100vw, 1366px\" \/><p id=\"caption-attachment-826\" class=\"wp-caption-text\">Apresentador foi diagnosticado com o novo coronav\u00edrus<\/p><\/div>\n<p>Sik\u00eara Jr, apresentador do programa \u201cAlerta Nacional\u201d da Rede TV, \u00a0testou positivo para o Covid-19 e, segundo informa\u00e7\u00f5es da m\u00eddia local, seu estado de sa\u00fade se agravou nos \u00faltimos dias.<\/p>\n<p>O apresentador endossou o discurso de Jair Bolsonaro contra o isolamento social e defendeu por mais de uma vez em seu programa que as pessoas deveriam retornar ao trabalho.<\/p>\n<p>Segundo o jornalista Ronaldo Tiradentes, que comanda um programa de r\u00e1dio em Manaus, Amazonas, Sik\u00eara apresenta um agravamento preocupante de seu quadro cl\u00ednico.<\/p>\n<p>Ronaldo, que substituiu o apresentador no comando do programa Alerta Nacional, tamb\u00e9m disse que Sik\u00eara estaria com os pulm\u00f5es comprometidos devido ao coronav\u00edrus. No entanto, a assessoria de imprensa de Sik\u00eara Jr afirmou que \u00e9 falsa a informa\u00e7\u00e3o.<\/p>\n<p>Fonte: Brasil247.com<\/p>\n","protected":false},"excerpt":{"rendered":"<p>Sik\u00eara Jr, apresentador do programa \u201cAlerta Nacional\u201d da Rede TV, \u00a0testou positivo para o Covid-19 e, segundo informa\u00e7\u00f5es da m\u00eddia local, seu estado de sa\u00fade se agravou nos \u00faltimos dias. O apresentador endossou o discurso de Jair Bolsonaro contra o &hellip; <a href=\"https:\/\/slz612.com.br\/index.php\/2020\/04\/29\/apresentador-da-rede-tv-tem-saude-agravada-pelo-coronavirus\/\">Continue lendo <span class=\"meta-nav\">&rarr;<\/span><\/a><\/p>\n","protected":false},"author":1,"featured_media":0,"comment_status":"open","ping_status":"open","sticky":false,"template":"","format":"standard","meta":[],"categories":[1],"tags":[],"_links":{"self":[{"href":"https:\/\/slz612.com.br\/index.php\/wp-json\/wp\/v2\/posts\/825"}],"collection":[{"href":"https:\/\/slz612.com.br\/index.php\/wp-json\/wp\/v2\/posts"}],"about":[{"href":"https:\/\/slz612.com.br\/index.php\/wp-json\/wp\/v2\/types\/post"}],"author":[{"embeddable":true,"href":"https:\/\/slz612.com.br\/index.php\/wp-json\/wp\/v2\/users\/1"}],"replies":[{"embeddable":true,"href":"https:\/\/slz612.com.br\/index.php\/wp-json\/wp\/v2\/comments?post=825"}],"version-history":[{"count":2,"href":"https:\/\/slz612.com.br\/index.php\/wp-json\/wp\/v2\/posts\/825\/revisions"}],"predecessor-version":[{"id":828,"href":"https:\/\/slz612.com.br\/index.php\/wp-json\/wp\/v2\/posts\/825\/revisions\/828"}],"wp:attachment":[{"href":"https:\/\/slz612.com.br\/index.php\/wp-json\/wp\/v2\/media?parent=825"}],"wp:term":[{"taxonomy":"category","embeddable":true,"href":"https:\/\/slz612.com.br\/index.php\/wp-json\/wp\/v2\/categories?post=825"},{"taxonomy":"post_tag","embeddable":true,"href":"https:\/\/slz612.com.br\/index.php\/wp-json\/wp\/v2\/tags?post=825"}],"curies":[{"name":"wp","href":"https:\/\/api.w.org\/{rel}","templated":true}]}}