{"id":818,"date":"2020-04-28T11:17:59","date_gmt":"2020-04-28T14:17:59","guid":{"rendered":"https:\/\/slz612.com.br\/?p=818"},"modified":"2020-04-28T11:19:38","modified_gmt":"2020-04-28T14:19:38","slug":"briga-entre-bolsonaro-e-moro-podera-beneficiar-ex-presidente-lula","status":"publish","type":"post","link":"https:\/\/slz612.com.br\/index.php\/2020\/04\/28\/briga-entre-bolsonaro-e-moro-podera-beneficiar-ex-presidente-lula\/","title":{"rendered":"Briga entre Bolsonaro e Moro poder\u00e1 beneficiar ex-presidente Lula"},"content":{"rendered":"<div id=\"attachment_412\" style=\"width: 1510px\" class=\"wp-caption aligncenter\"><img aria-describedby=\"caption-attachment-412\" loading=\"lazy\" class=\"size-full wp-image-412\" src=\"https:\/\/slz612.com.br\/wp-content\/uploads\/2019\/12\/moro-e-bolso.jpg\" alt=\"\" width=\"1500\" height=\"1000\" srcset=\"https:\/\/slz612.com.br\/wp-content\/uploads\/2019\/12\/moro-e-bolso.jpg 1500w, https:\/\/slz612.com.br\/wp-content\/uploads\/2019\/12\/moro-e-bolso-300x200.jpg 300w, https:\/\/slz612.com.br\/wp-content\/uploads\/2019\/12\/moro-e-bolso-1024x683.jpg 1024w, https:\/\/slz612.com.br\/wp-content\/uploads\/2019\/12\/moro-e-bolso-768x512.jpg 768w, https:\/\/slz612.com.br\/wp-content\/uploads\/2019\/12\/moro-e-bolso-450x300.jpg 450w\" sizes=\"(max-width: 1500px) 100vw, 1500px\" \/><p id=\"caption-attachment-412\" class=\"wp-caption-text\">Briga entre Moro e Bolsonaro vai para no Supremo Tribunal<br \/>Imagem\/Fotoarena\/Folhapress) ORG XMIT: 1729515<\/p><\/div>\n<p>O ministro<strong>\u00a0Gilmar Mendes<\/strong>, do Supremo Tribunal Federal (<strong>STF<\/strong>), confirmou que pretende\u00a0levar a julgamento o processo em que o ex-ministro da Justi\u00e7a\u00a0<strong>Sergio Moro<\/strong>\u00a0\u00e9 acusado pela defesa do ex-presidente\u00a0<strong>Lula<\/strong>de ter atuado de forma parcial na\u00a0<strong>Lava Jato<\/strong>.<\/p>\n<p>Em entrevista \u00e0\u00a0<a class=\"external-link\" title=\"\" href=\"https:\/\/www1.folha.uol.com.br\/poder\/2020\/04\/gilmar-mendes-participa-de-live-da-folha-as-17h-desta-segunda-feira.shtml\" target=\"_blank\" rel=\"noopener noreferrer\">Folha de S.Paulo<\/a>, Mendes afirmou que vai reapresentar a causa para an\u00e1lise dos colegas assim que a corte voltar a ter sess\u00f5es presenciais.<\/p>\n<h3>Cr\u00edticas a Bolsonaro<\/h3>\n<p>Na conversa, o ministro criticou\u00a0as manifesta\u00e7\u00f5es a favor de uma interven\u00e7\u00e3o militar no Brasil e disse que as For\u00e7as Armadas n\u00e3o podem ser utilizadas como mil\u00edcias.<\/p>\n<p>\u201cN\u00e3o se pode brincar com as institui\u00e7\u00f5es, n\u00e3o se pode brincar de tiranetes, de ditadura. Quem diz isso: &#8216;ah, n\u00f3s vamos usar as For\u00e7as Armadas para fechar o Supremo ou fechar o Congresso&#8217; est\u00e1 usando as For\u00e7as Armadas, que s\u00e3o institui\u00e7\u00f5es do Estado, como se fossem suas mil\u00edcias. Isso \u00e9 absolutamente impr\u00f3prio e injurioso para com as pr\u00f3prias For\u00e7as Armadas\u201d, afirmou Gilmar.<\/p>\n<p>O ministro fez esse coment\u00e1rio ao responder \u00e0 pergunta sobre o fato de o presidente Jair Bolsonaro ter participado, no \u00faltimo dia 19, de manifesta\u00e7\u00f5es que defendiam uma interven\u00e7\u00e3o militar no pa\u00eds e a reedi\u00e7\u00e3o de um AI-5, ato institucional que, em 1968, endureceu a repress\u00e3o da ditadura.<\/p>\n<p>Fonte: conversa afiada.com.br<\/p>\n","protected":false},"excerpt":{"rendered":"<p>O ministro\u00a0Gilmar Mendes, do Supremo Tribunal Federal (STF), confirmou que pretende\u00a0levar a julgamento o processo em que o ex-ministro da Justi\u00e7a\u00a0Sergio Moro\u00a0\u00e9 acusado pela defesa do ex-presidente\u00a0Lulade ter atuado de forma parcial na\u00a0Lava Jato. Em entrevista \u00e0\u00a0Folha de S.Paulo, Mendes &hellip; <a href=\"https:\/\/slz612.com.br\/index.php\/2020\/04\/28\/briga-entre-bolsonaro-e-moro-podera-beneficiar-ex-presidente-lula\/\">Continue lendo <span class=\"meta-nav\">&rarr;<\/span><\/a><\/p>\n","protected":false},"author":1,"featured_media":0,"comment_status":"open","ping_status":"open","sticky":false,"template":"","format":"standard","meta":[],"categories":[5],"tags":[],"_links":{"self":[{"href":"https:\/\/slz612.com.br\/index.php\/wp-json\/wp\/v2\/posts\/818"}],"collection":[{"href":"https:\/\/slz612.com.br\/index.php\/wp-json\/wp\/v2\/posts"}],"about":[{"href":"https:\/\/slz612.com.br\/index.php\/wp-json\/wp\/v2\/types\/post"}],"author":[{"embeddable":true,"href":"https:\/\/slz612.com.br\/index.php\/wp-json\/wp\/v2\/users\/1"}],"replies":[{"embeddable":true,"href":"https:\/\/slz612.com.br\/index.php\/wp-json\/wp\/v2\/comments?post=818"}],"version-history":[{"count":2,"href":"https:\/\/slz612.com.br\/index.php\/wp-json\/wp\/v2\/posts\/818\/revisions"}],"predecessor-version":[{"id":820,"href":"https:\/\/slz612.com.br\/index.php\/wp-json\/wp\/v2\/posts\/818\/revisions\/820"}],"wp:attachment":[{"href":"https:\/\/slz612.com.br\/index.php\/wp-json\/wp\/v2\/media?parent=818"}],"wp:term":[{"taxonomy":"category","embeddable":true,"href":"https:\/\/slz612.com.br\/index.php\/wp-json\/wp\/v2\/categories?post=818"},{"taxonomy":"post_tag","embeddable":true,"href":"https:\/\/slz612.com.br\/index.php\/wp-json\/wp\/v2\/tags?post=818"}],"curies":[{"name":"wp","href":"https:\/\/api.w.org\/{rel}","templated":true}]}}