{"id":808,"date":"2020-04-26T19:13:45","date_gmt":"2020-04-26T22:13:45","guid":{"rendered":"https:\/\/slz612.com.br\/?p=808"},"modified":"2020-04-26T19:17:00","modified_gmt":"2020-04-26T22:17:00","slug":"jovem-e-preso-e-perde-o-emprego-por-mentir-que-estava-com-coronavirus","status":"publish","type":"post","link":"https:\/\/slz612.com.br\/index.php\/2020\/04\/26\/jovem-e-preso-e-perde-o-emprego-por-mentir-que-estava-com-coronavirus\/","title":{"rendered":"Jovem \u00e9 preso e perde o emprego por mentir que estava com Coronav\u00edrus"},"content":{"rendered":"<div id=\"attachment_809\" style=\"width: 385px\" class=\"wp-caption aligncenter\"><img aria-describedby=\"caption-attachment-809\" loading=\"lazy\" class=\"size-full wp-image-809\" src=\"https:\/\/slz612.com.br\/wp-content\/uploads\/2020\/04\/111902282_fakenewstidy.jpg\" alt=\"\" width=\"375\" height=\"210\" srcset=\"https:\/\/slz612.com.br\/wp-content\/uploads\/2020\/04\/111902282_fakenewstidy.jpg 375w, https:\/\/slz612.com.br\/wp-content\/uploads\/2020\/04\/111902282_fakenewstidy-300x168.jpg 300w\" sizes=\"(max-width: 375px) 100vw, 375px\" \/><p id=\"caption-attachment-809\" class=\"wp-caption-text\">Michael sente os efeitos de uma brincadeira s\u00e9ria no Facebook<\/p><\/div>\n<p>O americano Michael Lane Brandin sabia que seu post no Facebook causaria rebuli\u00e7o. O que ele n\u00e3o imaginava era que seria preso, perderia o emprego e enfrentaria um julgamento caro que pode mant\u00ea-lo atr\u00e1s das grades.<\/p>\n<p>Era uma tarde mon\u00f3tona em mar\u00e7o e o debate sobre como lidar com o poss\u00edvel surto de covid-19 estava por todos os lados na sua timeline.<\/p>\n<p>Ent\u00e3o ele decidiu, em suas palavras, &#8220;fazer um experimento social&#8221;.<\/p>\n<p>Michael postou que havia sido diagnosticado com o coronav\u00edrus e que os m\u00e9dicos haviam dito que o v\u00edrus era transmitido pelo ar.<\/p>\n<p>No Facebook, seu relato foi recebido com um misto de empatia e choque.<br \/>\nO post gerou muitas rea\u00e7\u00f5es e muitos amigos me mandaram uma mensagem para perguntar se eu estava bem, ent\u00e3o eu disse a eles que era tudo mentira&#8221;, diz ele.<\/p>\n<p>Mas o que estava acontecendo offline era muito mais s\u00e9rio.<\/p>\n<p>O boato come\u00e7ou a se espalhar velozmente pelo condado de Tyler, no Estado americano do Texas, onde Michael morava<\/p>\n<p>A PRIS\u00c3O<\/p>\n<p>No entanto, o boato j\u00e1 havia se tornando uma bola de neve. E o pr\u00f3ximo post no Facebook acabou vindo da delegacia de pol\u00edcia. &#8220;Dando prosseguimento a uma queixa oficial do promotor criminal do distrito, o juiz do Condado Jacques Blanchett emitiu um mandado de pris\u00e3o para Brandin pelo crime de alarme falso, uma contraven\u00e7\u00e3o classe A.&#8221;<\/p>\n<p>Brandin se entregou. Sua fian\u00e7a foi estabelecida em US$ 1 mil (cerca de R$ 5,4 mil).<\/p>\n<p>&#8220;Eles disseram que eu tinha que passar a noite na pris\u00e3o, porque tinha que esperar a chegada do juiz no dia seguinte. Estava morrendo de ansiedade&#8221;, diz Brandin.<\/p>\n<p>Brandin agora est\u00e1 de volta \u00e0 sua casa esperando uma data para seu julgamento. Apesar da seriedade de sua situa\u00e7\u00e3o, ele diz que ainda tem sentimentos contradit\u00f3rios sobre se lamenta ou n\u00e3o ter escrito o post.<\/p>\n<p>&#8220;Mas, por causa de uma postagem no Facebook, perdi meu emprego, meu plano de sa\u00fade, e n\u00e3o pude iniciar meu programa de mestrado a tempo devido \u00e0 falta de dinheiro. Isso criou um fardo financeiro para toda a minha fam\u00edlia, porque todos est\u00e3o tentando me ajudar a pagar minhas contas,&#8221; disse.<\/p>\n<p>Veja mat\u00e9ria completa em https:\/\/www.bbc.com\/portuguese\/internacional-52380209<\/p>\n","protected":false},"excerpt":{"rendered":"<p>O americano Michael Lane Brandin sabia que seu post no Facebook causaria rebuli\u00e7o. O que ele n\u00e3o imaginava era que seria preso, perderia o emprego e enfrentaria um julgamento caro que pode mant\u00ea-lo atr\u00e1s das grades. Era uma tarde mon\u00f3tona &hellip; <a href=\"https:\/\/slz612.com.br\/index.php\/2020\/04\/26\/jovem-e-preso-e-perde-o-emprego-por-mentir-que-estava-com-coronavirus\/\">Continue lendo <span class=\"meta-nav\">&rarr;<\/span><\/a><\/p>\n","protected":false},"author":1,"featured_media":0,"comment_status":"open","ping_status":"open","sticky":false,"template":"","format":"standard","meta":[],"categories":[1],"tags":[],"_links":{"self":[{"href":"https:\/\/slz612.com.br\/index.php\/wp-json\/wp\/v2\/posts\/808"}],"collection":[{"href":"https:\/\/slz612.com.br\/index.php\/wp-json\/wp\/v2\/posts"}],"about":[{"href":"https:\/\/slz612.com.br\/index.php\/wp-json\/wp\/v2\/types\/post"}],"author":[{"embeddable":true,"href":"https:\/\/slz612.com.br\/index.php\/wp-json\/wp\/v2\/users\/1"}],"replies":[{"embeddable":true,"href":"https:\/\/slz612.com.br\/index.php\/wp-json\/wp\/v2\/comments?post=808"}],"version-history":[{"count":3,"href":"https:\/\/slz612.com.br\/index.php\/wp-json\/wp\/v2\/posts\/808\/revisions"}],"predecessor-version":[{"id":812,"href":"https:\/\/slz612.com.br\/index.php\/wp-json\/wp\/v2\/posts\/808\/revisions\/812"}],"wp:attachment":[{"href":"https:\/\/slz612.com.br\/index.php\/wp-json\/wp\/v2\/media?parent=808"}],"wp:term":[{"taxonomy":"category","embeddable":true,"href":"https:\/\/slz612.com.br\/index.php\/wp-json\/wp\/v2\/categories?post=808"},{"taxonomy":"post_tag","embeddable":true,"href":"https:\/\/slz612.com.br\/index.php\/wp-json\/wp\/v2\/tags?post=808"}],"curies":[{"name":"wp","href":"https:\/\/api.w.org\/{rel}","templated":true}]}}