{"id":802,"date":"2020-04-24T18:15:10","date_gmt":"2020-04-24T21:15:10","guid":{"rendered":"https:\/\/slz612.com.br\/?p=802"},"modified":"2020-04-24T18:15:10","modified_gmt":"2020-04-24T21:15:10","slug":"sergio-moro-tem-provas-contra-jair-bolsonaro","status":"publish","type":"post","link":"https:\/\/slz612.com.br\/index.php\/2020\/04\/24\/sergio-moro-tem-provas-contra-jair-bolsonaro\/","title":{"rendered":"S\u00e9rgio Moro tem provas contra Jair Bolsonaro"},"content":{"rendered":"<div id=\"attachment_650\" style=\"width: 970px\" class=\"wp-caption aligncenter\"><img aria-describedby=\"caption-attachment-650\" loading=\"lazy\" class=\"size-full wp-image-650\" src=\"https:\/\/slz612.com.br\/wp-content\/uploads\/2020\/03\/Bolsonaro-DOENTE.jpg\" alt=\"\" width=\"960\" height=\"640\" srcset=\"https:\/\/slz612.com.br\/wp-content\/uploads\/2020\/03\/Bolsonaro-DOENTE.jpg 960w, https:\/\/slz612.com.br\/wp-content\/uploads\/2020\/03\/Bolsonaro-DOENTE-300x200.jpg 300w, https:\/\/slz612.com.br\/wp-content\/uploads\/2020\/03\/Bolsonaro-DOENTE-768x512.jpg 768w, https:\/\/slz612.com.br\/wp-content\/uploads\/2020\/03\/Bolsonaro-DOENTE-450x300.jpg 450w\" sizes=\"(max-width: 960px) 100vw, 960px\" \/><p id=\"caption-attachment-650\" class=\"wp-caption-text\">Bolsonaro nega acusa\u00e7\u00f5es do ex-ministro S\u00e9rgio Moro<br \/>Foto: Michael Melo\/Metr\u00f3poles<\/p><\/div>\n<p>As acusa\u00e7\u00f5es de S\u00e9rgio Moro contra Jair Bolsonaro est\u00e3o respaldadas em provas documentais.<br \/>\nSegundo os jornalistas Andreza Matais e Fausto Macedo, do\u00a0Estado de S. Paulo, interlocutores do ex-ministro relataram ao Estado que Moro e Bolsonaro tiveram in\u00fameras conversas, pessoais e de governo, especialmente pelo WhatsApp, canal usado pelo presidente para dar ordens aos subordinados.<\/p>\n<p>&#8220;Essas fontes observaram que Moro tem uma experi\u00eancia de 22 anos na fun\u00e7\u00e3o de juiz criminal e sabe, como poucos, que n\u00e3o se acusa algu\u00e9m sem provas concretas. Pelo menos sete crimes que Bolsonaro teria cometido foram apontados pelo ex-ministro no pronunciamento que fez nesta sexta-feira. Moro surpreendeu at\u00e9 sua equipe ao revelar com detalhes que o presidente manifestou interesse em interferir na autonomia da Pol\u00edcia Federal. Ordens que ele nunca repassou. Bolsonaro nunca teve uma conversa a s\u00f3s com o diretor-geral da PF, Maur\u00edcio Valeixo&#8221;, afirmam os jornalistas.<br \/>\nFonte: Brasil247.com<\/p>\n","protected":false},"excerpt":{"rendered":"<p>As acusa\u00e7\u00f5es de S\u00e9rgio Moro contra Jair Bolsonaro est\u00e3o respaldadas em provas documentais. Segundo os jornalistas Andreza Matais e Fausto Macedo, do\u00a0Estado de S. Paulo, interlocutores do ex-ministro relataram ao Estado que Moro e Bolsonaro tiveram in\u00fameras conversas, pessoais e &hellip; <a href=\"https:\/\/slz612.com.br\/index.php\/2020\/04\/24\/sergio-moro-tem-provas-contra-jair-bolsonaro\/\">Continue lendo <span class=\"meta-nav\">&rarr;<\/span><\/a><\/p>\n","protected":false},"author":1,"featured_media":0,"comment_status":"open","ping_status":"open","sticky":false,"template":"","format":"standard","meta":[],"categories":[1],"tags":[],"_links":{"self":[{"href":"https:\/\/slz612.com.br\/index.php\/wp-json\/wp\/v2\/posts\/802"}],"collection":[{"href":"https:\/\/slz612.com.br\/index.php\/wp-json\/wp\/v2\/posts"}],"about":[{"href":"https:\/\/slz612.com.br\/index.php\/wp-json\/wp\/v2\/types\/post"}],"author":[{"embeddable":true,"href":"https:\/\/slz612.com.br\/index.php\/wp-json\/wp\/v2\/users\/1"}],"replies":[{"embeddable":true,"href":"https:\/\/slz612.com.br\/index.php\/wp-json\/wp\/v2\/comments?post=802"}],"version-history":[{"count":1,"href":"https:\/\/slz612.com.br\/index.php\/wp-json\/wp\/v2\/posts\/802\/revisions"}],"predecessor-version":[{"id":803,"href":"https:\/\/slz612.com.br\/index.php\/wp-json\/wp\/v2\/posts\/802\/revisions\/803"}],"wp:attachment":[{"href":"https:\/\/slz612.com.br\/index.php\/wp-json\/wp\/v2\/media?parent=802"}],"wp:term":[{"taxonomy":"category","embeddable":true,"href":"https:\/\/slz612.com.br\/index.php\/wp-json\/wp\/v2\/categories?post=802"},{"taxonomy":"post_tag","embeddable":true,"href":"https:\/\/slz612.com.br\/index.php\/wp-json\/wp\/v2\/tags?post=802"}],"curies":[{"name":"wp","href":"https:\/\/api.w.org\/{rel}","templated":true}]}}