{"id":799,"date":"2020-04-23T09:04:48","date_gmt":"2020-04-23T12:04:48","guid":{"rendered":"https:\/\/slz612.com.br\/?p=799"},"modified":"2020-04-23T09:04:48","modified_gmt":"2020-04-23T12:04:48","slug":"apresentadora-da-globo-anuncia-em-rede-social-que-esta-com-coronavirus","status":"publish","type":"post","link":"https:\/\/slz612.com.br\/index.php\/2020\/04\/23\/apresentadora-da-globo-anuncia-em-rede-social-que-esta-com-coronavirus\/","title":{"rendered":"Apresentadora da Globo anuncia em rede social que est\u00e1 com coronav\u00edrus"},"content":{"rendered":"<div id=\"attachment_800\" style=\"width: 610px\" class=\"wp-caption aligncenter\"><img aria-describedby=\"caption-attachment-800\" loading=\"lazy\" class=\"size-full wp-image-800\" src=\"https:\/\/slz612.com.br\/wp-content\/uploads\/2020\/04\/CArol-BArcellos.jpeg\" alt=\"\" width=\"600\" height=\"400\" srcset=\"https:\/\/slz612.com.br\/wp-content\/uploads\/2020\/04\/CArol-BArcellos.jpeg 600w, https:\/\/slz612.com.br\/wp-content\/uploads\/2020\/04\/CArol-BArcellos-300x200.jpeg 300w, https:\/\/slz612.com.br\/wp-content\/uploads\/2020\/04\/CArol-BArcellos-450x300.jpeg 450w\" sizes=\"(max-width: 600px) 100vw, 600px\" \/><p id=\"caption-attachment-800\" class=\"wp-caption-text\">Carol Barcellos postou em rede social que contraiu o coronav\u00edrus<\/p><\/div>\n<p>A jornalista e apresentadora Carol Barcellos, da Rede Globo, onde apresenta o Globoesporte e ainda faz participa\u00e7\u00e3o no quadro de esportes no <em>Bom Dia Brasil, <\/em>telejornal matinal da emissora, contraiu a\u00a0<a href=\"https:\/\/gauchazh.clicrbs.com.br\/ultimas-noticias\/tag\/coronavirus\"><strong>c<\/strong><\/a><a href=\"https:\/\/gauchazh.clicrbs.com.br\/ultimas-noticias\/tag\/coronavirus\"><strong>ovid-19 . <\/strong><\/a>A profissional foi afastada imediatamente de seu trabalho na V\u00eanus Platinada.<\/p>\n<p>Por meio de sua p\u00e1gina nas redes sociais, aparentando poucas complica\u00e7\u00f5es, a jornalista afirmou que vem enfrentando sintomas da Covid-19 h\u00e1 10 dias.<\/p>\n<p>\u201cQueria agradecer pelas mensagens que chegaram e dizer que estou bem. Tive sintomas dez dias atr\u00e1s, sintomas leves, por dois dias, mas que me levaram a fazer teste, e o teste para a Covid-19 deu positivo\u201d, afirmou Carol, que est\u00e1 isolada em sua casa no Rio de Janeiro.<\/p>\n<p>Carol Barcellos tem hist\u00f3rico de atleta e h\u00e1 quatro anos pratica corrida, tendo inclusive, participando de uma maratona em Bueno Aires, Argentina, em 2011. Mas a jornalista tamb\u00e9m \u00e9 conhecida por encarar grandes desafios como foi participar do quadro <em>No Limite, <\/em>dentro do Esporte Espetacular.<\/p>\n<p>Ele fez uma grande prepara\u00e7\u00e3o para participar de uma s\u00e9rie de oito programas no <a class=\"\" href=\"http:\/\/globoesporte.globo.com\/programas\/esporte-espetacular\/\" target=\"_self\" rel=\"noopener noreferrer\">Esporte Espetacular<\/a> em que o esfor\u00e7o f\u00edsico foi exigido pela corrida e outros esportes, levando o corpo pr\u00f3ximo ao limite.<\/p>\n<h1>MORTE DE JORNALISTA<\/h1>\n<p>Na ter\u00e7a-feira (21), em decorr\u00eancia da doen\u00e7a, morreu o jornalista Roberto Fernandes, comentarista da TV Mirante, afiliada maranhense da <a href=\"https:\/\/gauchazh.clicrbs.com.br\/ultimas-noticias\/tag\/globo\/\"><strong>Globo<\/strong><\/a>. O profissional de 61 anos estava internado desde o dia 23 de mar\u00e7o, com diagn\u00f3stico da covid-19. Roberto e era comentarista do <em>Bom Dia Mirante<\/em> e apresentador de um programa matinal de r\u00e1dio da Mirante AM.<\/p>\n<p>Ainda no em S\u00e3o Lu\u00eds, o radialista Rony Moreira faleceu na manh\u00e3 de quarta-feira (22), A causa da morte ainda n\u00e3o foi revelada, mas ele estava afastado das fun\u00e7\u00f5es, por conta de um problema de sa\u00fade. Atualmente ele trabalhava na R\u00e1dio Timbira, mas teve passagem por outras emissoras como a Radio Capital.<\/p>\n","protected":false},"excerpt":{"rendered":"<p>A jornalista e apresentadora Carol Barcellos, da Rede Globo, onde apresenta o Globoesporte e ainda faz participa\u00e7\u00e3o no quadro de esportes no Bom Dia Brasil, telejornal matinal da emissora, contraiu a\u00a0covid-19 . A profissional foi afastada imediatamente de seu trabalho &hellip; <a href=\"https:\/\/slz612.com.br\/index.php\/2020\/04\/23\/apresentadora-da-globo-anuncia-em-rede-social-que-esta-com-coronavirus\/\">Continue lendo <span class=\"meta-nav\">&rarr;<\/span><\/a><\/p>\n","protected":false},"author":1,"featured_media":0,"comment_status":"open","ping_status":"open","sticky":false,"template":"","format":"standard","meta":[],"categories":[4],"tags":[],"_links":{"self":[{"href":"https:\/\/slz612.com.br\/index.php\/wp-json\/wp\/v2\/posts\/799"}],"collection":[{"href":"https:\/\/slz612.com.br\/index.php\/wp-json\/wp\/v2\/posts"}],"about":[{"href":"https:\/\/slz612.com.br\/index.php\/wp-json\/wp\/v2\/types\/post"}],"author":[{"embeddable":true,"href":"https:\/\/slz612.com.br\/index.php\/wp-json\/wp\/v2\/users\/1"}],"replies":[{"embeddable":true,"href":"https:\/\/slz612.com.br\/index.php\/wp-json\/wp\/v2\/comments?post=799"}],"version-history":[{"count":1,"href":"https:\/\/slz612.com.br\/index.php\/wp-json\/wp\/v2\/posts\/799\/revisions"}],"predecessor-version":[{"id":801,"href":"https:\/\/slz612.com.br\/index.php\/wp-json\/wp\/v2\/posts\/799\/revisions\/801"}],"wp:attachment":[{"href":"https:\/\/slz612.com.br\/index.php\/wp-json\/wp\/v2\/media?parent=799"}],"wp:term":[{"taxonomy":"category","embeddable":true,"href":"https:\/\/slz612.com.br\/index.php\/wp-json\/wp\/v2\/categories?post=799"},{"taxonomy":"post_tag","embeddable":true,"href":"https:\/\/slz612.com.br\/index.php\/wp-json\/wp\/v2\/tags?post=799"}],"curies":[{"name":"wp","href":"https:\/\/api.w.org\/{rel}","templated":true}]}}