{"id":789,"date":"2020-04-21T10:53:14","date_gmt":"2020-04-21T13:53:14","guid":{"rendered":"https:\/\/slz612.com.br\/?p=789"},"modified":"2020-04-21T10:53:14","modified_gmt":"2020-04-21T13:53:14","slug":"tres-policiais-militares-morrem-com-suspeitas-de-coronavirus","status":"publish","type":"post","link":"https:\/\/slz612.com.br\/index.php\/2020\/04\/21\/tres-policiais-militares-morrem-com-suspeitas-de-coronavirus\/","title":{"rendered":"Tr\u00eas policiais militares morrem com suspeitas de coronav\u00edrus"},"content":{"rendered":"<div id=\"attachment_790\" style=\"width: 1930px\" class=\"wp-caption aligncenter\"><img aria-describedby=\"caption-attachment-790\" loading=\"lazy\" class=\"size-full wp-image-790\" src=\"https:\/\/slz612.com.br\/wp-content\/uploads\/2020\/04\/images-14126004.jpg\" alt=\"\" width=\"1920\" height=\"1179\" srcset=\"https:\/\/slz612.com.br\/wp-content\/uploads\/2020\/04\/images-14126004.jpg 1920w, https:\/\/slz612.com.br\/wp-content\/uploads\/2020\/04\/images-14126004-300x184.jpg 300w, https:\/\/slz612.com.br\/wp-content\/uploads\/2020\/04\/images-14126004-1024x629.jpg 1024w, https:\/\/slz612.com.br\/wp-content\/uploads\/2020\/04\/images-14126004-768x472.jpg 768w, https:\/\/slz612.com.br\/wp-content\/uploads\/2020\/04\/images-14126004-1536x943.jpg 1536w, https:\/\/slz612.com.br\/wp-content\/uploads\/2020\/04\/images-14126004-489x300.jpg 489w\" sizes=\"(max-width: 1920px) 100vw, 1920px\" \/><p id=\"caption-attachment-790\" class=\"wp-caption-text\">Hospital Central da Pol\u00edcia Militar, no Est\u00e1cio &#8211; Divulga\u00e7\u00e3o \/ Pol\u00edcia Militar<\/p><\/div>\n<div class=\"texto\">Tr\u00eas PMs morreram por suspeita de infec\u00e7\u00e3o pelo\u00a0<strong>novo coronav\u00edrus (covid-19) <\/strong>desde a \u00faltima sexta-feira no Rio. Dois deles estavam internados no <strong>Hospital Central da Pol\u00edcia Militar (HCPM)<\/strong>, no\u00a0<strong>Est\u00e1cio<\/strong>, regi\u00e3o central da cidade.<\/div>\n<div><\/div>\n<div class=\"texto\">Foi na unidade de sa\u00fade, ali\u00e1s, que a sargento\u00a0<strong>Carla do Nascimento Dias<\/strong>, de 46 anos, morreu na \u00faltima quarta.\u00a0A morte da\u00a0t\u00e9cnica em Enfermagem \u00e9 a \u00fanica at\u00e9 ent\u00e3o confirmada pela PM como de um militar da corpora\u00e7\u00e3o com covid-19. Atualmente, a corpora\u00e7\u00e3o informa que h\u00e1\u00a034 policiais infectados pela doen\u00e7a. Na quinta, eram 18.<\/div>\n<div class=\"texto\">Das \u00faltimas tr\u00eas mortes, a mais recente foi do sargento\u00a0<strong>Robson Santana Nascimento<\/strong>, 40, neste domingo. Ele\u00a0deu entrada no HCPM na segunda-feira da semana passada e, de acordo com a Pol\u00edcia Militar, a causa de sua morte foi por insufici\u00eancia respirat\u00f3ria e pneumonia viral.\u00a0O agente foi submetido ao teste do coronav\u00edrus, mas\u00a0o resultado ainda n\u00e3o saiu.<\/div>\n<div><\/div>\n<div class=\"texto\">O sargento era lotado no\u00a0<strong>24\u00ba BPM (Queimados)<\/strong>\u00a0e estava na PM h\u00e1 18 anos. Ele era casado e deixa um filho. O sepultamento de seu corpo ser\u00e1 feito \u00e0s 15h de hoje, no\u00a0<strong>Cemit\u00e9rio Jardim da Saudade<\/strong>, em\u00a0<strong>Sulacap<\/strong>, na\u00a0<strong>Zona Oeste<\/strong>.<\/div>\n<div><\/div>\n<div class=\"texto\"><strong>SEGUNDA MORTE<\/strong><\/div>\n<div><\/div>\n<div class=\"texto\">O outro caso de PM morto com suspeita de covid-19 nos \u00faltimos dias\u00a0\u00e9 do sargento\u00a0<strong>Jorge Lu\u00eds Lessa<\/strong>, 49, que era lotado no\u00a0<strong>Batalh\u00e3o de Policiamento de Vias Expressas (BPVE)<\/strong>. O militar estava internado no HCPM desde o \u00faltimo dia 10, mas piorou na quinta-feira passada, quando foi transferido para a UTI da unidade.<\/div>\n<div><\/div>\n<div class=\"texto\">O sargento faleceu na manh\u00e3 de sexta, ap\u00f3s uma\u00a0parada cardiorrespirat\u00f3ria. Ele tamb\u00e9m fez o teste para detectar o novo coronav\u00edrus, mas a Pol\u00edcia Militar ainda aguarda o resultado.<\/div>\n<div class=\"texto\">O PM estava na corpora\u00e7\u00e3o desde 2000, era casado e deixa dois filhos. Ele foi sepultado na pr\u00f3pria sexta, no\u00a0<strong>Cemit\u00e9rio Parque da Paz<\/strong>, em\u00a0<strong>S\u00e3o Gon\u00e7alo<\/strong>, na\u00a0<strong>Regi\u00e3o Metropolitana do estado<\/strong>.<\/div>\n<div><\/div>\n<div class=\"texto\"><strong>TERCEIRA MORTE<\/strong><\/div>\n<div><\/div>\n<div class=\"texto\">O terceiro policial militar morto com suspeita\u00a0da doen\u00e7a nos \u00faltimos dias foi o sargento\u00a0Jer\u00f4nimo Rodrigues Gaspar, 48, que morreu na manh\u00e3 deste domingo, em\u00a0<strong>Saquarema<\/strong>, na\u00a0<strong>Regi\u00e3o dos Lagos<\/strong>. O PM passou mal em\u00a0casa e foi socorrido no\u00a0<strong>Posto de Sa\u00fade de Jacon\u00e9<\/strong>, onde faleceu.<\/div>\n<div><\/div>\n<div class=\"texto\">O sargento estava afastado do trabalho desde o \u00faltimo dia 11, quando foi atendido no HCPM e diagnosticado com suspeita da covid-19. Ele era lotado no\u00a0BPRv e estava na PM h\u00e1 21 anos.<\/div>\n<div class=\"texto\">O militar deixa esposa e uma filha. Seu sepultamento ser\u00e1 feito \u00e0s 15h de hoje, no Cemit\u00e9rio Jardim.<\/div>\n<div><\/div>\n<div>FONTE: https:\/\/meiahora.ig.com.br<\/div>\n<div><\/div>\n<div><\/div>\n","protected":false},"excerpt":{"rendered":"<p>Tr\u00eas PMs morreram por suspeita de infec\u00e7\u00e3o pelo\u00a0novo coronav\u00edrus (covid-19) desde a \u00faltima sexta-feira no Rio. Dois deles estavam internados no Hospital Central da Pol\u00edcia Militar (HCPM), no\u00a0Est\u00e1cio, regi\u00e3o central da cidade. Foi na unidade de sa\u00fade, ali\u00e1s, que a &hellip; <a href=\"https:\/\/slz612.com.br\/index.php\/2020\/04\/21\/tres-policiais-militares-morrem-com-suspeitas-de-coronavirus\/\">Continue lendo <span class=\"meta-nav\">&rarr;<\/span><\/a><\/p>\n","protected":false},"author":1,"featured_media":0,"comment_status":"open","ping_status":"open","sticky":false,"template":"","format":"standard","meta":[],"categories":[1],"tags":[],"_links":{"self":[{"href":"https:\/\/slz612.com.br\/index.php\/wp-json\/wp\/v2\/posts\/789"}],"collection":[{"href":"https:\/\/slz612.com.br\/index.php\/wp-json\/wp\/v2\/posts"}],"about":[{"href":"https:\/\/slz612.com.br\/index.php\/wp-json\/wp\/v2\/types\/post"}],"author":[{"embeddable":true,"href":"https:\/\/slz612.com.br\/index.php\/wp-json\/wp\/v2\/users\/1"}],"replies":[{"embeddable":true,"href":"https:\/\/slz612.com.br\/index.php\/wp-json\/wp\/v2\/comments?post=789"}],"version-history":[{"count":1,"href":"https:\/\/slz612.com.br\/index.php\/wp-json\/wp\/v2\/posts\/789\/revisions"}],"predecessor-version":[{"id":791,"href":"https:\/\/slz612.com.br\/index.php\/wp-json\/wp\/v2\/posts\/789\/revisions\/791"}],"wp:attachment":[{"href":"https:\/\/slz612.com.br\/index.php\/wp-json\/wp\/v2\/media?parent=789"}],"wp:term":[{"taxonomy":"category","embeddable":true,"href":"https:\/\/slz612.com.br\/index.php\/wp-json\/wp\/v2\/categories?post=789"},{"taxonomy":"post_tag","embeddable":true,"href":"https:\/\/slz612.com.br\/index.php\/wp-json\/wp\/v2\/tags?post=789"}],"curies":[{"name":"wp","href":"https:\/\/api.w.org\/{rel}","templated":true}]}}