{"id":778,"date":"2020-04-17T22:28:24","date_gmt":"2020-04-18T01:28:24","guid":{"rendered":"https:\/\/slz612.com.br\/?p=778"},"modified":"2020-04-17T22:29:53","modified_gmt":"2020-04-18T01:29:53","slug":"justica-federal-determina-novas-datas-para-o-enem","status":"publish","type":"post","link":"https:\/\/slz612.com.br\/index.php\/2020\/04\/17\/justica-federal-determina-novas-datas-para-o-enem\/","title":{"rendered":"Justi\u00e7a Federal determina novas datas para o Enem"},"content":{"rendered":"<div id=\"attachment_194\" style=\"width: 590px\" class=\"wp-caption aligncenter\"><img aria-describedby=\"caption-attachment-194\" loading=\"lazy\" class=\"size-full wp-image-194\" src=\"https:\/\/slz612.com.br\/wp-content\/uploads\/2019\/11\/24349842.jpg\" alt=\"\" width=\"580\" height=\"386\" srcset=\"https:\/\/slz612.com.br\/wp-content\/uploads\/2019\/11\/24349842.jpg 580w, https:\/\/slz612.com.br\/wp-content\/uploads\/2019\/11\/24349842-300x200.jpg 300w, https:\/\/slz612.com.br\/wp-content\/uploads\/2019\/11\/24349842-451x300.jpg 451w\" sizes=\"(max-width: 580px) 100vw, 580px\" \/><p id=\"caption-attachment-194\" class=\"wp-caption-text\">Possibilidade de cont\u00e1gio do novo coronav\u00edrus pode adiar provas do Enem<\/p><\/div>\n<p>A juti\u00e7a de S\u00e3o Paulo determinou que o governo reveja as datas do Enem, incluindo os dias de realiza\u00e7\u00e3o do exame e os prazos para a solicita\u00e7\u00e3o de isen\u00e7\u00e3o da taxa de inscri\u00e7\u00e3o.<br \/>\nA reportagem do site jur\u00eddico Jota\u00a0destaca que &#8220;de acordo, com a determina\u00e7\u00e3o judicial, o cronograma deve ser adequado \u00e0 \u201crealidade do atual ano letivo\u201d por meio de uma comiss\u00e3o ou consulta, de forma a dar ci\u00eancia a todos os \u00f3rg\u00e3os e representantes dos Poderes necess\u00e1rios \u00e0 medida.&#8221;<br \/>\nA mat\u00e9ria ainda acresenta que &#8220;a decis\u00e3o foi tomada em uma a\u00e7\u00e3o civil p\u00fablica movida pela Defensoria P\u00fablica da Uni\u00e3o. O argumento \u00e9 o de que \u201ccomo consequ\u00eancia deste grave problema de sa\u00fade p\u00fablica [pandemia do coronav\u00edrus], escolas fecharam e aulas presenciais foram suspensas\u201d. A Defensoria pondera que \u201cas condi\u00e7\u00f5es de ensino \u00e0 dist\u00e2ncia para os estudantes brasileiros s\u00e3o desiguais\u201d. A\u00a0peti\u00e7\u00e3o inicial\u00a0\u00e9 assinada pelo defensor Regional de Direitos Humanos, Jo\u00e3o Paulo de Campos Dorini, e pelos defensores p\u00fablicos federais Viviane Ceolin Dallasta Del Grossi e Alexandre Mendes Lima de Oliveira.<\/p>\n<p><em><span style=\"font-size: 10pt;\">FONTE: Brasil247<\/span><\/em><\/p>\n","protected":false},"excerpt":{"rendered":"<p>A juti\u00e7a de S\u00e3o Paulo determinou que o governo reveja as datas do Enem, incluindo os dias de realiza\u00e7\u00e3o do exame e os prazos para a solicita\u00e7\u00e3o de isen\u00e7\u00e3o da taxa de inscri\u00e7\u00e3o. A reportagem do site jur\u00eddico Jota\u00a0destaca que &hellip; <a href=\"https:\/\/slz612.com.br\/index.php\/2020\/04\/17\/justica-federal-determina-novas-datas-para-o-enem\/\">Continue lendo <span class=\"meta-nav\">&rarr;<\/span><\/a><\/p>\n","protected":false},"author":1,"featured_media":0,"comment_status":"open","ping_status":"open","sticky":false,"template":"","format":"standard","meta":[],"categories":[1],"tags":[],"_links":{"self":[{"href":"https:\/\/slz612.com.br\/index.php\/wp-json\/wp\/v2\/posts\/778"}],"collection":[{"href":"https:\/\/slz612.com.br\/index.php\/wp-json\/wp\/v2\/posts"}],"about":[{"href":"https:\/\/slz612.com.br\/index.php\/wp-json\/wp\/v2\/types\/post"}],"author":[{"embeddable":true,"href":"https:\/\/slz612.com.br\/index.php\/wp-json\/wp\/v2\/users\/1"}],"replies":[{"embeddable":true,"href":"https:\/\/slz612.com.br\/index.php\/wp-json\/wp\/v2\/comments?post=778"}],"version-history":[{"count":2,"href":"https:\/\/slz612.com.br\/index.php\/wp-json\/wp\/v2\/posts\/778\/revisions"}],"predecessor-version":[{"id":780,"href":"https:\/\/slz612.com.br\/index.php\/wp-json\/wp\/v2\/posts\/778\/revisions\/780"}],"wp:attachment":[{"href":"https:\/\/slz612.com.br\/index.php\/wp-json\/wp\/v2\/media?parent=778"}],"wp:term":[{"taxonomy":"category","embeddable":true,"href":"https:\/\/slz612.com.br\/index.php\/wp-json\/wp\/v2\/categories?post=778"},{"taxonomy":"post_tag","embeddable":true,"href":"https:\/\/slz612.com.br\/index.php\/wp-json\/wp\/v2\/tags?post=778"}],"curies":[{"name":"wp","href":"https:\/\/api.w.org\/{rel}","templated":true}]}}