{"id":748,"date":"2020-04-09T12:16:32","date_gmt":"2020-04-09T15:16:32","guid":{"rendered":"https:\/\/slz612.com.br\/?p=748"},"modified":"2020-04-09T12:18:43","modified_gmt":"2020-04-09T15:18:43","slug":"tenente-coronel-morre-em-consequencia-do-novo-coronavirus","status":"publish","type":"post","link":"https:\/\/slz612.com.br\/index.php\/2020\/04\/09\/tenente-coronel-morre-em-consequencia-do-novo-coronavirus\/","title":{"rendered":"Tenente-coronel morre em consequ\u00eancia do novo coronav\u00edrus"},"content":{"rendered":"<div id=\"attachment_749\" style=\"width: 760px\" class=\"wp-caption aligncenter\"><img aria-describedby=\"caption-attachment-749\" loading=\"lazy\" class=\"size-full wp-image-749\" src=\"https:\/\/slz612.com.br\/wp-content\/uploads\/2020\/04\/1_1_tenente_coronel_alves_morre_coronavirus_opovo_12-12376074.jpeg.jpg\" alt=\"\" width=\"750\" height=\"499\" srcset=\"https:\/\/slz612.com.br\/wp-content\/uploads\/2020\/04\/1_1_tenente_coronel_alves_morre_coronavirus_opovo_12-12376074.jpeg.jpg 750w, https:\/\/slz612.com.br\/wp-content\/uploads\/2020\/04\/1_1_tenente_coronel_alves_morre_coronavirus_opovo_12-12376074.jpeg-300x200.jpg 300w, https:\/\/slz612.com.br\/wp-content\/uploads\/2020\/04\/1_1_tenente_coronel_alves_morre_coronavirus_opovo_12-12376074.jpeg-451x300.jpg 451w\" sizes=\"(max-width: 750px) 100vw, 750px\" \/><p id=\"caption-attachment-749\" class=\"wp-caption-text\">Tenente-coronel da Pol\u00edcia Militar do Cear\u00e1 morreu nesta quinta-feira<\/p><\/div>\n<p class=\"texto\">Morreu nesta quarta-feira, 8,\u00a0por complica\u00e7\u00f5es causadas\u00a0pelo novo coronav\u00edrus, o tenente-coronel Jo\u00e3o Oc\u00e9lio Atan\u00e1zio Alves, da Pol\u00edcia Militar do Cear\u00e1 (PMCE).<\/p>\n<p class=\"texto\">De acordo com a PMCE, o tenente-coronel sofria com uma doen\u00e7a que agravou o seu quadro de sa\u00fade ap\u00f3s ele ter sido infectado pela Covid-19. \u00c9 o primeiro PM a morrer por complica\u00e7\u00f5es da doen\u00e7a no Cear\u00e1, de acordo com a corpora\u00e7\u00e3o.\u00a0<a href=\"https:\/\/www.opovo.com.br\/coronavirus\/2020\/04\/08\/coronavirus-no-ceara-casos-confirmados-mortes-covid-19-quarta-08-abril.html\">53 pessoas j\u00e1 foram v\u00edtimas em todo o Estado.\u00a0<\/a><\/p>\n<p class=\"texto\">Atualmente, o policial estava \u00e0 frente do 3\u00ba Batalh\u00e3o da PMCE. &#8220;O Comando da Corpora\u00e7\u00e3o se entristece com a not\u00edcia e solidariza com a dor dos familiares e amigos, ao tempo em que coloca o aparato da Institui\u00e7\u00e3o \u00e0 disposi\u00e7\u00e3o&#8221;, divulgou a Pol\u00edcia em nota de pesar.<\/p>\n<p>Fobte: o povo.com.br<\/p>\n","protected":false},"excerpt":{"rendered":"<p>Morreu nesta quarta-feira, 8,\u00a0por complica\u00e7\u00f5es causadas\u00a0pelo novo coronav\u00edrus, o tenente-coronel Jo\u00e3o Oc\u00e9lio Atan\u00e1zio Alves, da Pol\u00edcia Militar do Cear\u00e1 (PMCE). De acordo com a PMCE, o tenente-coronel sofria com uma doen\u00e7a que agravou o seu quadro de sa\u00fade ap\u00f3s ele &hellip; <a href=\"https:\/\/slz612.com.br\/index.php\/2020\/04\/09\/tenente-coronel-morre-em-consequencia-do-novo-coronavirus\/\">Continue lendo <span class=\"meta-nav\">&rarr;<\/span><\/a><\/p>\n","protected":false},"author":1,"featured_media":0,"comment_status":"open","ping_status":"open","sticky":false,"template":"","format":"standard","meta":[],"categories":[1],"tags":[],"_links":{"self":[{"href":"https:\/\/slz612.com.br\/index.php\/wp-json\/wp\/v2\/posts\/748"}],"collection":[{"href":"https:\/\/slz612.com.br\/index.php\/wp-json\/wp\/v2\/posts"}],"about":[{"href":"https:\/\/slz612.com.br\/index.php\/wp-json\/wp\/v2\/types\/post"}],"author":[{"embeddable":true,"href":"https:\/\/slz612.com.br\/index.php\/wp-json\/wp\/v2\/users\/1"}],"replies":[{"embeddable":true,"href":"https:\/\/slz612.com.br\/index.php\/wp-json\/wp\/v2\/comments?post=748"}],"version-history":[{"count":3,"href":"https:\/\/slz612.com.br\/index.php\/wp-json\/wp\/v2\/posts\/748\/revisions"}],"predecessor-version":[{"id":752,"href":"https:\/\/slz612.com.br\/index.php\/wp-json\/wp\/v2\/posts\/748\/revisions\/752"}],"wp:attachment":[{"href":"https:\/\/slz612.com.br\/index.php\/wp-json\/wp\/v2\/media?parent=748"}],"wp:term":[{"taxonomy":"category","embeddable":true,"href":"https:\/\/slz612.com.br\/index.php\/wp-json\/wp\/v2\/categories?post=748"},{"taxonomy":"post_tag","embeddable":true,"href":"https:\/\/slz612.com.br\/index.php\/wp-json\/wp\/v2\/tags?post=748"}],"curies":[{"name":"wp","href":"https:\/\/api.w.org\/{rel}","templated":true}]}}