{"id":734,"date":"2020-04-06T10:58:27","date_gmt":"2020-04-06T13:58:27","guid":{"rendered":"https:\/\/slz612.com.br\/?p=734"},"modified":"2020-04-06T11:03:20","modified_gmt":"2020-04-06T14:03:20","slug":"maranhao-registra-a-terceira-morte-causada-pelo-novo-coronavirus","status":"publish","type":"post","link":"https:\/\/slz612.com.br\/index.php\/2020\/04\/06\/maranhao-registra-a-terceira-morte-causada-pelo-novo-coronavirus\/","title":{"rendered":"Maranh\u00e3o registra a terceira morte causada pelo novo coronav\u00edrus"},"content":{"rendered":"<div id=\"attachment_735\" style=\"width: 1010px\" class=\"wp-caption aligncenter\"><img aria-describedby=\"caption-attachment-735\" loading=\"lazy\" class=\"size-full wp-image-735\" src=\"https:\/\/slz612.com.br\/wp-content\/uploads\/2020\/04\/carlos-lula.jpg\" alt=\"\" width=\"1000\" height=\"667\" srcset=\"https:\/\/slz612.com.br\/wp-content\/uploads\/2020\/04\/carlos-lula.jpg 1000w, https:\/\/slz612.com.br\/wp-content\/uploads\/2020\/04\/carlos-lula-300x200.jpg 300w, https:\/\/slz612.com.br\/wp-content\/uploads\/2020\/04\/carlos-lula-768x512.jpg 768w, https:\/\/slz612.com.br\/wp-content\/uploads\/2020\/04\/carlos-lula-450x300.jpg 450w\" sizes=\"(max-width: 1000px) 100vw, 1000px\" \/><p id=\"caption-attachment-735\" class=\"wp-caption-text\">Secret\u00e1rio de Sa\u00fade, Carlos Lula, anunciou a terceira v\u00edtima fatal do novo coronav\u00edrus<\/p><\/div>\n<p>O an\u00fancio foi feito pelo secret\u00e1rio de Estado da Sa\u00fade na manh\u00e3 desta segunda-feira, 6, durante a solenidade de entrega de mais 52 leitos para pacientes com Covid-19, no Hospital Dr. Gen\u00e9sio Rego, no bairro da Vila Palmeira.<\/p>\n<p>A terceira v\u00edtima do Maranh\u00e3o foi na capital, S\u00e3o Lu\u00eds, e trata-se de um senhor de 70 anos. Segundo o secret\u00e1rio Carlos Lula, o paciente estava internado na rede p\u00fablica de sa\u00fade e apresentava antecedentes de complica\u00e7\u00f5es de sa\u00fade.<\/p>\n<p>O paciente faleceu na madrugada desta segunda-feira. O caso dever\u00e1 constar no relat\u00f3rio de informa\u00e7\u00f5es que o governo do estado divulga sempre no fim da tarde.<\/p>\n<p>Ainda durante a solenidade, o secret\u00e1rio de Sa\u00fade voltou a pedir para que os maranhenses encarem o momento de isolamento social com responsabilidade para evitar o aumento nos casos de cont\u00e1gio. Carlos Lula observou ainda que os leitos dispon\u00edveis no Hospital Carlos Macieira j\u00e1 est\u00e3o todos ocupados com pacientes v\u00edtimas do novo coronav\u00edrus.<\/p>\n<p>Segundo estimativa da secretaria de sa\u00fade a doen\u00e7a dever\u00e1 ter seu pico no estado nas pr\u00f3ximas semanas. Enquanto isso, o governo do estado vem ampliando a capacidade da rede p\u00fablica de sa\u00fade para atender pacientes da Covid-19 e abriu mais 52 leitos: 39 de enfermaria e 13 de Unidade de Tratamento Intensivo (UTI), no Hospital Dr. Gen\u00e9sio Rego, no bairro da Vila Palmeira.<\/p>\n<p>&nbsp;<\/p>\n","protected":false},"excerpt":{"rendered":"<p>O an\u00fancio foi feito pelo secret\u00e1rio de Estado da Sa\u00fade na manh\u00e3 desta segunda-feira, 6, durante a solenidade de entrega de mais 52 leitos para pacientes com Covid-19, no Hospital Dr. Gen\u00e9sio Rego, no bairro da Vila Palmeira. A terceira &hellip; <a href=\"https:\/\/slz612.com.br\/index.php\/2020\/04\/06\/maranhao-registra-a-terceira-morte-causada-pelo-novo-coronavirus\/\">Continue lendo <span class=\"meta-nav\">&rarr;<\/span><\/a><\/p>\n","protected":false},"author":1,"featured_media":0,"comment_status":"open","ping_status":"open","sticky":false,"template":"","format":"standard","meta":[],"categories":[1],"tags":[],"_links":{"self":[{"href":"https:\/\/slz612.com.br\/index.php\/wp-json\/wp\/v2\/posts\/734"}],"collection":[{"href":"https:\/\/slz612.com.br\/index.php\/wp-json\/wp\/v2\/posts"}],"about":[{"href":"https:\/\/slz612.com.br\/index.php\/wp-json\/wp\/v2\/types\/post"}],"author":[{"embeddable":true,"href":"https:\/\/slz612.com.br\/index.php\/wp-json\/wp\/v2\/users\/1"}],"replies":[{"embeddable":true,"href":"https:\/\/slz612.com.br\/index.php\/wp-json\/wp\/v2\/comments?post=734"}],"version-history":[{"count":3,"href":"https:\/\/slz612.com.br\/index.php\/wp-json\/wp\/v2\/posts\/734\/revisions"}],"predecessor-version":[{"id":739,"href":"https:\/\/slz612.com.br\/index.php\/wp-json\/wp\/v2\/posts\/734\/revisions\/739"}],"wp:attachment":[{"href":"https:\/\/slz612.com.br\/index.php\/wp-json\/wp\/v2\/media?parent=734"}],"wp:term":[{"taxonomy":"category","embeddable":true,"href":"https:\/\/slz612.com.br\/index.php\/wp-json\/wp\/v2\/categories?post=734"},{"taxonomy":"post_tag","embeddable":true,"href":"https:\/\/slz612.com.br\/index.php\/wp-json\/wp\/v2\/tags?post=734"}],"curies":[{"name":"wp","href":"https:\/\/api.w.org\/{rel}","templated":true}]}}