{"id":730,"date":"2020-04-06T08:28:26","date_gmt":"2020-04-06T11:28:26","guid":{"rendered":"https:\/\/slz612.com.br\/?p=730"},"modified":"2020-04-06T08:29:05","modified_gmt":"2020-04-06T11:29:05","slug":"partido-progressista-perde-disputa-no-supremo-tribunal-federal","status":"publish","type":"post","link":"https:\/\/slz612.com.br\/index.php\/2020\/04\/06\/partido-progressista-perde-disputa-no-supremo-tribunal-federal\/","title":{"rendered":"Partido Progressista perde disputa no Supremo Tribunal Federal"},"content":{"rendered":"<div id=\"attachment_731\" style=\"width: 810px\" class=\"wp-caption aligncenter\"><img aria-describedby=\"caption-attachment-731\" loading=\"lazy\" class=\"size-full wp-image-731\" src=\"https:\/\/slz612.com.br\/wp-content\/uploads\/2020\/04\/Rosa-Weber.jpg\" alt=\"\" width=\"800\" height=\"533\" srcset=\"https:\/\/slz612.com.br\/wp-content\/uploads\/2020\/04\/Rosa-Weber.jpg 800w, https:\/\/slz612.com.br\/wp-content\/uploads\/2020\/04\/Rosa-Weber-300x200.jpg 300w, https:\/\/slz612.com.br\/wp-content\/uploads\/2020\/04\/Rosa-Weber-768x512.jpg 768w, https:\/\/slz612.com.br\/wp-content\/uploads\/2020\/04\/Rosa-Weber-450x300.jpg 450w\" sizes=\"(max-width: 800px) 100vw, 800px\" \/><p id=\"caption-attachment-731\" class=\"wp-caption-text\">Ministra Rosa Weber negou pedido do Partido Progressista para adiamento de prazo<\/p><\/div>\n<p>A ministra Rosa Weber, do Supremo Tribunal Federal (STF), negou medida liminar na A\u00e7\u00e3o Direta de Inconstitucionalidade (ADI) 6359, em que o partido Progressistas (PP) pede a suspens\u00e3o por 30 dias do prazo para filia\u00e7\u00e3o partid\u00e1ria, \u200bdomic\u00edlio eleitoral e desincompatibiliza\u00e7\u00e3o para as elei\u00e7\u00f5es de 2020, que termina no \u00faltimo s\u00e1bado (4). Para a relatora, em an\u00e1lise preliminar, n\u00e3o foi demonstrado que a situa\u00e7\u00e3o causada pelo combate \u00e0 pandemia da Covid-19 viola os princ\u00edpios do Estado Democr\u00e1tico de Direito, da soberania popular e da periodicidade do pleito previstos na Constitui\u00e7\u00e3o Federal.<\/p>\n<p><b>Risco para as elei\u00e7\u00f5es<\/b><\/p>\n<p>A ministra Rosa Weber apontou que a suspens\u00e3o imediata do prazo teria como consequ\u00eancia \u201cinadmiss\u00edvel\u201d o enfraquecimento das prote\u00e7\u00f5es contra o abuso do exerc\u00edcio de fun\u00e7\u00e3o, cargo ou emprego na administra\u00e7\u00e3o direta ou indireta. A seu ver, isso incrementaria de modo desproporcional o risco para a normalidade e a legitimidade das elei\u00e7\u00f5es e, consequentemente, produziria um estado de coisas com potencial ainda maior de vulnera\u00e7\u00e3o ao princ\u00edpio democr\u00e1tico e \u00e0 soberania popular.<\/p>\n<p>De acordo com a relatora, prazos como o de desincompatibiliza\u00e7\u00e3o n\u00e3o s\u00e3o meras formalidades, pois visam assegurar a preval\u00eancia da isonomia na disputa eleitoral, e sua inobserv\u00e2ncia poderia afetar a legitimidade do pleito. A ministra ressaltou ainda que, recentemente, o Tribunal Superior Eleitoral (TSE) registrou a plena possibilidade de os partidos adotarem outros meios para assegurar a filia\u00e7\u00e3o partid\u00e1ria, como o recebimento on-line de documentos.<\/p>\n<p><a href=\"http:\/\/portal.stf.jus.br\/noticias\/verNoticiaDetalhe.asp?idConteudo=440550&amp;ori=1\">Confira detalhes do pedido do Partido Progressista<\/a><\/p>\n<p>&nbsp;<\/p>\n","protected":false},"excerpt":{"rendered":"<p>A ministra Rosa Weber, do Supremo Tribunal Federal (STF), negou medida liminar na A\u00e7\u00e3o Direta de Inconstitucionalidade (ADI) 6359, em que o partido Progressistas (PP) pede a suspens\u00e3o por 30 dias do prazo para filia\u00e7\u00e3o partid\u00e1ria, \u200bdomic\u00edlio eleitoral e desincompatibiliza\u00e7\u00e3o &hellip; <a href=\"https:\/\/slz612.com.br\/index.php\/2020\/04\/06\/partido-progressista-perde-disputa-no-supremo-tribunal-federal\/\">Continue lendo <span class=\"meta-nav\">&rarr;<\/span><\/a><\/p>\n","protected":false},"author":1,"featured_media":0,"comment_status":"open","ping_status":"open","sticky":false,"template":"","format":"standard","meta":[],"categories":[5],"tags":[],"_links":{"self":[{"href":"https:\/\/slz612.com.br\/index.php\/wp-json\/wp\/v2\/posts\/730"}],"collection":[{"href":"https:\/\/slz612.com.br\/index.php\/wp-json\/wp\/v2\/posts"}],"about":[{"href":"https:\/\/slz612.com.br\/index.php\/wp-json\/wp\/v2\/types\/post"}],"author":[{"embeddable":true,"href":"https:\/\/slz612.com.br\/index.php\/wp-json\/wp\/v2\/users\/1"}],"replies":[{"embeddable":true,"href":"https:\/\/slz612.com.br\/index.php\/wp-json\/wp\/v2\/comments?post=730"}],"version-history":[{"count":2,"href":"https:\/\/slz612.com.br\/index.php\/wp-json\/wp\/v2\/posts\/730\/revisions"}],"predecessor-version":[{"id":733,"href":"https:\/\/slz612.com.br\/index.php\/wp-json\/wp\/v2\/posts\/730\/revisions\/733"}],"wp:attachment":[{"href":"https:\/\/slz612.com.br\/index.php\/wp-json\/wp\/v2\/media?parent=730"}],"wp:term":[{"taxonomy":"category","embeddable":true,"href":"https:\/\/slz612.com.br\/index.php\/wp-json\/wp\/v2\/categories?post=730"},{"taxonomy":"post_tag","embeddable":true,"href":"https:\/\/slz612.com.br\/index.php\/wp-json\/wp\/v2\/tags?post=730"}],"curies":[{"name":"wp","href":"https:\/\/api.w.org\/{rel}","templated":true}]}}