{"id":717,"date":"2020-04-03T20:25:43","date_gmt":"2020-04-03T23:25:43","guid":{"rendered":"https:\/\/slz612.com.br\/?p=717"},"modified":"2020-04-03T20:25:43","modified_gmt":"2020-04-03T23:25:43","slug":"ator-global-abandona-bolsonaro-e-fica-com-mandetta","status":"publish","type":"post","link":"https:\/\/slz612.com.br\/index.php\/2020\/04\/03\/ator-global-abandona-bolsonaro-e-fica-com-mandetta\/","title":{"rendered":"Ator global abandona Bolsonaro e fica com Mandetta"},"content":{"rendered":"<div id=\"attachment_719\" style=\"width: 610px\" class=\"wp-caption aligncenter\"><img aria-describedby=\"caption-attachment-719\" loading=\"lazy\" class=\"size-full wp-image-719\" src=\"https:\/\/slz612.com.br\/wp-content\/uploads\/2020\/04\/carlosvereza_49400114_407564179982374_6371115622554042489_n-e1577114910515-1024x612-1-600x359-1.jpg\" alt=\"\" width=\"600\" height=\"359\" srcset=\"https:\/\/slz612.com.br\/wp-content\/uploads\/2020\/04\/carlosvereza_49400114_407564179982374_6371115622554042489_n-e1577114910515-1024x612-1-600x359-1.jpg 600w, https:\/\/slz612.com.br\/wp-content\/uploads\/2020\/04\/carlosvereza_49400114_407564179982374_6371115622554042489_n-e1577114910515-1024x612-1-600x359-1-300x180.jpg 300w, https:\/\/slz612.com.br\/wp-content\/uploads\/2020\/04\/carlosvereza_49400114_407564179982374_6371115622554042489_n-e1577114910515-1024x612-1-600x359-1-500x300.jpg 500w\" sizes=\"(max-width: 600px) 100vw, 600px\" \/><p id=\"caption-attachment-719\" class=\"wp-caption-text\">Carlos Vereda era defensor de primeira hora do presidente<\/p><\/div>\n<p>Apoiador de primeira hora de Jair Bolsonaro, o ator Carlos Vereza tirou o time do elenco bolsonarista.<br \/>\nVereza criticou o presidente por ter desautorizado o ministro da Sa\u00fade, Henrique Mandetta. Bolsonaro afirmou que \u201cfalta humildade\u201d ao ministro.<\/p>\n<p>No Facebook, o ator escreveu: \u201cEstava tentando defender Bolsonaro, n\u00e3o tanto por ele, mas pela normalidade das institui\u00e7\u00f5es. Mas ele desautorizar publicamente o ministro da Sa\u00fade por ci\u00fames, n\u00e3o d\u00e1 mais: tirei o time\u201d.<\/p>\n<p>Veja o post do ator no Facebook<\/p>\n<p><img loading=\"lazy\" class=\"aligncenter size-full wp-image-718\" src=\"https:\/\/slz612.com.br\/wp-content\/uploads\/2020\/04\/Screenshot_20200403-201533_Samsung-Internet.jpg\" alt=\"\" width=\"1080\" height=\"736\" srcset=\"https:\/\/slz612.com.br\/wp-content\/uploads\/2020\/04\/Screenshot_20200403-201533_Samsung-Internet.jpg 1080w, https:\/\/slz612.com.br\/wp-content\/uploads\/2020\/04\/Screenshot_20200403-201533_Samsung-Internet-300x204.jpg 300w, https:\/\/slz612.com.br\/wp-content\/uploads\/2020\/04\/Screenshot_20200403-201533_Samsung-Internet-1024x698.jpg 1024w, https:\/\/slz612.com.br\/wp-content\/uploads\/2020\/04\/Screenshot_20200403-201533_Samsung-Internet-768x523.jpg 768w, https:\/\/slz612.com.br\/wp-content\/uploads\/2020\/04\/Screenshot_20200403-201533_Samsung-Internet-440x300.jpg 440w\" sizes=\"(max-width: 1080px) 100vw, 1080px\" \/><\/p>\n<h1>DESCONTENTAMENTO<\/h1>\n<p>Carlos Vereza, apoiador de Jair Bolsonaro, saiu desolado de uma reuni\u00e3o com o ministro da Educa\u00e7\u00e3o Abraham Weintraub, nesta sexta-feira (10 de janeiro), em Bras\u00edlia. O ministro lhe disse pessoalmente que o Minist\u00e9rio da Educa\u00e7\u00e3o (MEC) n\u00e3o renovaria mesmo o contrato com a Associa\u00e7\u00e3o de Comunica\u00e7\u00e3o Roquette Pinto, a Acerp, respons\u00e1vel pela gest\u00e3o da TV Escola desde a funda\u00e7\u00e3o em 1996.<\/p>\n<p>O ator afirmou, \u00e0s v\u00e9speras do Natal, que se Bolsonaro \u201cterminar com a TV Escola, n\u00e3o tenho como manter meu apoio\u201d. Vereza apresenta o programa \u201cPlano Sequ\u00eancia\u201d, da emissora, que havia sido lan\u00e7ado em evento na semana anterior. A atra\u00e7\u00e3o apresenta um panorama sobre a hist\u00f3ria do cinema brasileiro.<\/p>\n","protected":false},"excerpt":{"rendered":"<p>Apoiador de primeira hora de Jair Bolsonaro, o ator Carlos Vereza tirou o time do elenco bolsonarista. Vereza criticou o presidente por ter desautorizado o ministro da Sa\u00fade, Henrique Mandetta. Bolsonaro afirmou que \u201cfalta humildade\u201d ao ministro. No Facebook, o &hellip; <a href=\"https:\/\/slz612.com.br\/index.php\/2020\/04\/03\/ator-global-abandona-bolsonaro-e-fica-com-mandetta\/\">Continue lendo <span class=\"meta-nav\">&rarr;<\/span><\/a><\/p>\n","protected":false},"author":1,"featured_media":0,"comment_status":"open","ping_status":"open","sticky":false,"template":"","format":"standard","meta":[],"categories":[1],"tags":[],"_links":{"self":[{"href":"https:\/\/slz612.com.br\/index.php\/wp-json\/wp\/v2\/posts\/717"}],"collection":[{"href":"https:\/\/slz612.com.br\/index.php\/wp-json\/wp\/v2\/posts"}],"about":[{"href":"https:\/\/slz612.com.br\/index.php\/wp-json\/wp\/v2\/types\/post"}],"author":[{"embeddable":true,"href":"https:\/\/slz612.com.br\/index.php\/wp-json\/wp\/v2\/users\/1"}],"replies":[{"embeddable":true,"href":"https:\/\/slz612.com.br\/index.php\/wp-json\/wp\/v2\/comments?post=717"}],"version-history":[{"count":1,"href":"https:\/\/slz612.com.br\/index.php\/wp-json\/wp\/v2\/posts\/717\/revisions"}],"predecessor-version":[{"id":720,"href":"https:\/\/slz612.com.br\/index.php\/wp-json\/wp\/v2\/posts\/717\/revisions\/720"}],"wp:attachment":[{"href":"https:\/\/slz612.com.br\/index.php\/wp-json\/wp\/v2\/media?parent=717"}],"wp:term":[{"taxonomy":"category","embeddable":true,"href":"https:\/\/slz612.com.br\/index.php\/wp-json\/wp\/v2\/categories?post=717"},{"taxonomy":"post_tag","embeddable":true,"href":"https:\/\/slz612.com.br\/index.php\/wp-json\/wp\/v2\/tags?post=717"}],"curies":[{"name":"wp","href":"https:\/\/api.w.org\/{rel}","templated":true}]}}