{"id":589,"date":"2020-02-20T15:50:34","date_gmt":"2020-02-20T18:50:34","guid":{"rendered":"https:\/\/slz612.com.br\/?p=589"},"modified":"2020-02-20T16:17:56","modified_gmt":"2020-02-20T19:17:56","slug":"pt-recebe-apoio-do-psol-para-disputa-da-prefeitura-de-sao-luis","status":"publish","type":"post","link":"https:\/\/slz612.com.br\/index.php\/2020\/02\/20\/pt-recebe-apoio-do-psol-para-disputa-da-prefeitura-de-sao-luis\/","title":{"rendered":"PT recebe apoio do Psol para disputa da prefeitura de S\u00e3o Luis"},"content":{"rendered":"<div id=\"attachment_590\" style=\"width: 688px\" class=\"wp-caption aligncenter\"><img aria-describedby=\"caption-attachment-590\" loading=\"lazy\" class=\"size-full wp-image-590\" src=\"https:\/\/slz612.com.br\/wp-content\/uploads\/2020\/02\/images.jpeg.jpg\" alt=\"\" width=\"678\" height=\"452\" srcset=\"https:\/\/slz612.com.br\/wp-content\/uploads\/2020\/02\/images.jpeg.jpg 678w, https:\/\/slz612.com.br\/wp-content\/uploads\/2020\/02\/images.jpeg-300x200.jpg 300w, https:\/\/slz612.com.br\/wp-content\/uploads\/2020\/02\/images.jpeg-450x300.jpg 450w\" sizes=\"(max-width: 678px) 100vw, 678px\" \/><p id=\"caption-attachment-590\" class=\"wp-caption-text\">Z\u00e9 In\u00e1cio Lula ficou contente com an\u00fancio de apoio do Psol<\/p><\/div>\n<p>Nesta quinta-feira durante a sess\u00e3o solene realizada na Assembleia Legislativa em homenagem aos 40 anos do Partido dos Trabalhadores (PT), o dirigente do Psol, Franklin Douglas, declarou que a sua legenda est\u00e1 disposta a seguir com o PT em parceria em uma candidatura para prefeitura de S\u00e3o Lu\u00eds.<br \/>\nFranco come\u00e7ou dizendo que em anivers\u00e1rio \u00e9 costumeiro se dar presentes e falou que &#8221; o PT vem fazendo grandes gestos. Apoiando Manuella d&#8217; \u00c1vila no Rio Grande do Sul e no Rio de Janeiro com o Freixo. Aqui em S\u00e3o Lu\u00eds n\u00f3s apoiamos uma candidatura do PT&#8221;, disse o l\u00edder do Psol.<\/p>\n<p>A fala de Frankling\u00a0 Douglas arrancou muitos aplausos de lideran\u00e7as do PT que lotaram o plen\u00e1rio da Assembleia Legislativa e em especial do deputado estadual Z\u00e9 In\u00e1cio Lula, que foi o autor da homenagem aos 40 anos de PT e que sonha em chegar ao Pal\u00e1cio de La Ravardiere.<\/p>\n<p>O presidente do diret\u00f3rio estadual do PT, Augusto Lobato, falou logo em seguida e citou os nomes de Z\u00e9 In\u00e1cio Lula e do deputado federal Z\u00e9 Carlos como quadros da sigla quem podem encabe\u00e7ar uma poss\u00edvel chapa \u00e0 prefeitura da capital.<\/p>\n","protected":false},"excerpt":{"rendered":"<p>Nesta quinta-feira durante a sess\u00e3o solene realizada na Assembleia Legislativa em homenagem aos 40 anos do Partido dos Trabalhadores (PT), o dirigente do Psol, Franklin Douglas, declarou que a sua legenda est\u00e1 disposta a seguir com o PT em parceria &hellip; <a href=\"https:\/\/slz612.com.br\/index.php\/2020\/02\/20\/pt-recebe-apoio-do-psol-para-disputa-da-prefeitura-de-sao-luis\/\">Continue lendo <span class=\"meta-nav\">&rarr;<\/span><\/a><\/p>\n","protected":false},"author":1,"featured_media":0,"comment_status":"open","ping_status":"open","sticky":false,"template":"","format":"standard","meta":[],"categories":[1],"tags":[],"_links":{"self":[{"href":"https:\/\/slz612.com.br\/index.php\/wp-json\/wp\/v2\/posts\/589"}],"collection":[{"href":"https:\/\/slz612.com.br\/index.php\/wp-json\/wp\/v2\/posts"}],"about":[{"href":"https:\/\/slz612.com.br\/index.php\/wp-json\/wp\/v2\/types\/post"}],"author":[{"embeddable":true,"href":"https:\/\/slz612.com.br\/index.php\/wp-json\/wp\/v2\/users\/1"}],"replies":[{"embeddable":true,"href":"https:\/\/slz612.com.br\/index.php\/wp-json\/wp\/v2\/comments?post=589"}],"version-history":[{"count":3,"href":"https:\/\/slz612.com.br\/index.php\/wp-json\/wp\/v2\/posts\/589\/revisions"}],"predecessor-version":[{"id":593,"href":"https:\/\/slz612.com.br\/index.php\/wp-json\/wp\/v2\/posts\/589\/revisions\/593"}],"wp:attachment":[{"href":"https:\/\/slz612.com.br\/index.php\/wp-json\/wp\/v2\/media?parent=589"}],"wp:term":[{"taxonomy":"category","embeddable":true,"href":"https:\/\/slz612.com.br\/index.php\/wp-json\/wp\/v2\/categories?post=589"},{"taxonomy":"post_tag","embeddable":true,"href":"https:\/\/slz612.com.br\/index.php\/wp-json\/wp\/v2\/tags?post=589"}],"curies":[{"name":"wp","href":"https:\/\/api.w.org\/{rel}","templated":true}]}}