{"id":505,"date":"2020-01-30T08:52:17","date_gmt":"2020-01-30T11:52:17","guid":{"rendered":"https:\/\/slz612.com.br\/?p=505"},"modified":"2020-01-30T08:52:17","modified_gmt":"2020-01-30T11:52:17","slug":"governo-e-sebrae-irao-implementar-empreendedorismo-nas-escolas","status":"publish","type":"post","link":"https:\/\/slz612.com.br\/index.php\/2020\/01\/30\/governo-e-sebrae-irao-implementar-empreendedorismo-nas-escolas\/","title":{"rendered":"Governo e Sebrae ir\u00e3o implementar empreendedorismo nas escolas"},"content":{"rendered":"<div id=\"attachment_507\" style=\"width: 1890px\" class=\"wp-caption aligncenter\"><img aria-describedby=\"caption-attachment-507\" loading=\"lazy\" class=\"size-full wp-image-507\" src=\"https:\/\/slz612.com.br\/wp-content\/uploads\/2020\/01\/solu\u00e7\u00e3o-de-conflitos.jpeg\" alt=\"\" width=\"1880\" height=\"1253\" srcset=\"https:\/\/slz612.com.br\/wp-content\/uploads\/2020\/01\/solu\u00e7\u00e3o-de-conflitos.jpeg 1880w, https:\/\/slz612.com.br\/wp-content\/uploads\/2020\/01\/solu\u00e7\u00e3o-de-conflitos-300x200.jpeg 300w, https:\/\/slz612.com.br\/wp-content\/uploads\/2020\/01\/solu\u00e7\u00e3o-de-conflitos-1024x682.jpeg 1024w, https:\/\/slz612.com.br\/wp-content\/uploads\/2020\/01\/solu\u00e7\u00e3o-de-conflitos-768x512.jpeg 768w, https:\/\/slz612.com.br\/wp-content\/uploads\/2020\/01\/solu\u00e7\u00e3o-de-conflitos-1536x1024.jpeg 1536w, https:\/\/slz612.com.br\/wp-content\/uploads\/2020\/01\/solu\u00e7\u00e3o-de-conflitos-450x300.jpeg 450w\" sizes=\"(max-width: 1880px) 100vw, 1880px\" \/><p id=\"caption-attachment-507\" class=\"wp-caption-text\">Parceria prev\u00ea capacita\u00e7\u00e3o de professores pelo Sebrae, para a aplica\u00e7\u00e3o da metodologia<\/p><\/div>\n<p>Incentivar o desenvolvimento do esp\u00edrito empreendedor em jovens estudantes maranhenses, tendo como princ\u00edpio o empreendedorismo como ferramenta transformadora. Esse \u00e9 um dos objetivos do projeto \u2018O despertar de futuros empreendedores\u2019, fruto da parceria firmada entre o Governo do Maranh\u00e3o, por meio da Secretaria de Estado da Educa\u00e7\u00e3o (Seduc), e o Sebrae Maranh\u00e3o.<\/p>\n<p>Durante o lan\u00e7amento do projeto, ocorrido na ter\u00e7a-feira (28), al\u00e9m da assinatura do Termo de Parceria, foram apresentados os conte\u00fados e materiais did\u00e1ticos que ser\u00e3o trabalhados durante todo o ano letivo, atrav\u00e9s da metodologia \u2018Despertar\u2019, desenvolvida pelo Sebrae.<\/p>\n<p>O secret\u00e1rio adjunto de Educa\u00e7\u00e3o Integral e Profissional da Seduc, Andr\u00e9 Bello, explica que metodologia ser\u00e1 implementada, primeiramente, em 48 Centros Educa Mais \u2013 que s\u00e3o escolas pilotos no estado na implanta\u00e7\u00e3o do Novo Ensino M\u00e9dio \u2013 e nas unidades vocacionais do Instituto Estadual de Educa\u00e7\u00e3o, Ci\u00eancia e Tecnologia do Maranh\u00e3o (IEMA).<\/p>\n<p>\u201c\u00c9 um momento muito especial para a Secretaria de Educa\u00e7\u00e3o e tamb\u00e9m para o Sebrae porque n\u00f3s estamos firmando uma parceria importante, que visa fomentar a cultura empreendedora nos jovens maranhenses e com a implementa\u00e7\u00e3o do novo Ensino M\u00e9dio, abre um novo leque de oportunidades, que flexibilizam o ensino. Assim n\u00f3s temos op\u00e7\u00f5es, tempo e espa\u00e7o para implementar projetos como esse. Os projetos chamados \u2018empreendedores\u2019\u201d, disse Andr\u00e9 Bello.<\/p>\n<p><strong>CAPACITA\u00c7\u00c3O<\/strong><\/p>\n<p>A parceria prev\u00ea a realiza\u00e7\u00e3o de capacita\u00e7\u00e3o de professores pelo Sebrae, para a aplica\u00e7\u00e3o da metodologia, com o acompanhamento permanente de t\u00e9cnicos da institui\u00e7\u00e3o. Metodologia essa que trabalha uma vis\u00e3o ampla do empreendedorismo, trabalhando a forma\u00e7\u00e3o de jovens empreendedores e a dissemina\u00e7\u00e3o de valores como: coopera\u00e7\u00e3o, cidadania e \u00e9tica, por meio de pr\u00e1ticas pedag\u00f3gicas espec\u00edficas como: leitura, trabalhos de campo, al\u00e9m da realiza\u00e7\u00e3o de uma edi\u00e7\u00e3o da Feira Jovem Empreendedor.<\/p>\n<p>\u201cN\u00f3s vamos promover forma\u00e7\u00f5es para nossos professores, capacit\u00e1-los para que eles possam atuar nesse projeto da cultura empreendedora. Na pr\u00e1tica ser\u00e3o a\u00e7\u00f5es que incluem: aulas, pr\u00e1ticas experimentais, a\u00e7\u00f5es internas e externas voltadas para o empreendedorismo. O nosso objetivo central e a longo prazo \u00e9 que tenhamos, aqui no Maranh\u00e3o, institu\u00eddo o esp\u00edrito empreendedor nos nossos jovens, porque \u00e9 necess\u00e1rio e o crescimento do estado passa por isso\u201d, reafirmou o secret\u00e1rio adjunto.<\/p>\n<p>Para o diretor superintendente do Sebrae Maranh\u00e3o, Albertino Leal, essa \u00e9 uma parceria de extrema import\u00e2ncia, pois possibilita aos estudantes maranhenses pensarem o mercado de trabalho de uma forma diferente, o que \u00e9 muito importante para o momento pelo qual o pa\u00eds passa.<\/p>\n<p>\u201cN\u00f3s quer\u00edamos agradecer ao governador Fl\u00e1vio Dino e \u00e0 Secretaria de Educa\u00e7\u00e3o que est\u00e1 fazendo essa parceria confiando no Sebrae. N\u00f3s confiamos que com esse trabalho a gente consiga oferecer uma qualidade de vida maior para os nossos alunos, no futuro, para as fam\u00edlias deles, pois eles v\u00e3o pensar diferente. Eles n\u00e3o v\u00e3o pensar dentro de uma caixinha, eles v\u00e3o pensar que \u00e9 poss\u00edvel empreender. Empreender no servi\u00e7o p\u00fablico, empreender em empresas, criando um movimento salutar que vai proporcionar um futuro melhor para o estado do Maranh\u00e3o\u201d, afirmou Albertino Leal.<\/p>\n<p><strong>COMPORTAMENTO EMPREENDEDOR<\/strong><\/p>\n<p>A priori a expectativa \u00e9 capacitar mais de 300 professores em todo o estado, trabalhando de forma criativa e inovadora, com linguagem e estrat\u00e9gias adequadas e alinhadas \u00e0 realidade local, \u00e0s necessidades de mercado e \u00e0s tend\u00eancias pedag\u00f3gicas atuais, onde estudantes e professores ser\u00e3o levados a desenvolver atitudes e comportamentos empreendedores, em um processo que beneficiar\u00e1 n\u00e3o s\u00f3 as unidades escolares como tamb\u00e9m a sociedade em geral.<\/p>\n<p>O professor de L\u00edngua Portuguesa do Centro Educa Mais Dorilene Silva Castro, Carlos Eduardo Costa, acredita que essa possibilidade de incluir o empreendedorismo nas escolas ser\u00e1 uma oportunidade muito grande para os estudantes descobrirem novas formas de trabalho, j\u00e1 que eles s\u00e3o muito criativos e t\u00eam \u2018gana\u2019 por ter suas pr\u00f3prias coisas e uma necessidade muito grande de buscar aquilo que eles desejam.<\/p>\n<p>\u201cAtrav\u00e9s do empreendedorismo eu acredito que isso v\u00e1 possibilitar fomentar cada vez mais esse desejo neles, pois como vimos aqui n\u00e3o basta sonhar, tem que fazer isso acontecer. E eu acredito que essa parceria, essa iniciativa, vai ajudar muito nossos estudantes para que eles alcancem novas formas, novos rumos e tamb\u00e9m possam incentivar os familiares, irm\u00e3os, primos, porque quando os amigos, por exemplo, perceberem que eles est\u00e3o alcan\u00e7ando novas coisas, tamb\u00e9m v\u00e3o se sentir motivados para isso. \u00c9 uma oportunidade muito grande para os professores se descobrirem empreendedores, o que vai ser uma forma de at\u00e9 ter uma renda extra\u201d, disse o professor.<\/p>\n<p>\u201cEsse \u00e9 um projeto ousado, mas que vem na hora certa, porque os Centros, principalmente os Centros Educa Mais, j\u00e1 trabalham o sonho do aluno, o futuro, e trabalhando agora o empreendedorismo fica muito mais f\u00e1cil para ele se encontrar. A gente tem que motivar esses alunos, precisamos abra\u00e7ar esse projeto de uma iniciativa t\u00e3o bonita, tanto do Governo do Estado, quanto do Sebrae e que vai facilitar muito a vida dos nossos jovens que, \u00e0s vezes, n\u00e3o t\u00eam muita oportunidade no mercado de trabalho. Ele j\u00e1 vai sair com um direcionamento, um foco, do que ele pode fazer, ele n\u00e3o vai se sentir t\u00e3o perdido\u201d, concluiu a gestora geral do Centro Educa Mais Almirante Tamandar\u00e9, Christiane Praseres.<\/p>\n","protected":false},"excerpt":{"rendered":"<p>Incentivar o desenvolvimento do esp\u00edrito empreendedor em jovens estudantes maranhenses, tendo como princ\u00edpio o empreendedorismo como ferramenta transformadora. Esse \u00e9 um dos objetivos do projeto \u2018O despertar de futuros empreendedores\u2019, fruto da parceria firmada entre o Governo do Maranh\u00e3o, por &hellip; <a href=\"https:\/\/slz612.com.br\/index.php\/2020\/01\/30\/governo-e-sebrae-irao-implementar-empreendedorismo-nas-escolas\/\">Continue lendo <span class=\"meta-nav\">&rarr;<\/span><\/a><\/p>\n","protected":false},"author":1,"featured_media":0,"comment_status":"open","ping_status":"open","sticky":false,"template":"","format":"standard","meta":[],"categories":[1],"tags":[],"_links":{"self":[{"href":"https:\/\/slz612.com.br\/index.php\/wp-json\/wp\/v2\/posts\/505"}],"collection":[{"href":"https:\/\/slz612.com.br\/index.php\/wp-json\/wp\/v2\/posts"}],"about":[{"href":"https:\/\/slz612.com.br\/index.php\/wp-json\/wp\/v2\/types\/post"}],"author":[{"embeddable":true,"href":"https:\/\/slz612.com.br\/index.php\/wp-json\/wp\/v2\/users\/1"}],"replies":[{"embeddable":true,"href":"https:\/\/slz612.com.br\/index.php\/wp-json\/wp\/v2\/comments?post=505"}],"version-history":[{"count":1,"href":"https:\/\/slz612.com.br\/index.php\/wp-json\/wp\/v2\/posts\/505\/revisions"}],"predecessor-version":[{"id":508,"href":"https:\/\/slz612.com.br\/index.php\/wp-json\/wp\/v2\/posts\/505\/revisions\/508"}],"wp:attachment":[{"href":"https:\/\/slz612.com.br\/index.php\/wp-json\/wp\/v2\/media?parent=505"}],"wp:term":[{"taxonomy":"category","embeddable":true,"href":"https:\/\/slz612.com.br\/index.php\/wp-json\/wp\/v2\/categories?post=505"},{"taxonomy":"post_tag","embeddable":true,"href":"https:\/\/slz612.com.br\/index.php\/wp-json\/wp\/v2\/tags?post=505"}],"curies":[{"name":"wp","href":"https:\/\/api.w.org\/{rel}","templated":true}]}}