{"id":502,"date":"2020-01-28T09:03:17","date_gmt":"2020-01-28T12:03:17","guid":{"rendered":"https:\/\/slz612.com.br\/?p=502"},"modified":"2020-01-28T09:03:17","modified_gmt":"2020-01-28T12:03:17","slug":"othelino-destaca-alianca-entre-assembleia-camara-e-prefeitura","status":"publish","type":"post","link":"https:\/\/slz612.com.br\/index.php\/2020\/01\/28\/othelino-destaca-alianca-entre-assembleia-camara-e-prefeitura\/","title":{"rendered":"Othelino destaca alian\u00e7a entre Assembleia, C\u00e2mara e Prefeitura"},"content":{"rendered":"<div id=\"attachment_503\" style=\"width: 1610px\" class=\"wp-caption aligncenter\"><img aria-describedby=\"caption-attachment-503\" loading=\"lazy\" class=\"size-full wp-image-503\" src=\"https:\/\/slz612.com.br\/wp-content\/uploads\/2020\/01\/othelino-pinheiro.jpeg\" alt=\"\" width=\"1600\" height=\"1067\" srcset=\"https:\/\/slz612.com.br\/wp-content\/uploads\/2020\/01\/othelino-pinheiro.jpeg 1600w, https:\/\/slz612.com.br\/wp-content\/uploads\/2020\/01\/othelino-pinheiro-300x200.jpeg 300w, https:\/\/slz612.com.br\/wp-content\/uploads\/2020\/01\/othelino-pinheiro-1024x683.jpeg 1024w, https:\/\/slz612.com.br\/wp-content\/uploads\/2020\/01\/othelino-pinheiro-768x512.jpeg 768w, https:\/\/slz612.com.br\/wp-content\/uploads\/2020\/01\/othelino-pinheiro-1536x1024.jpeg 1536w, https:\/\/slz612.com.br\/wp-content\/uploads\/2020\/01\/othelino-pinheiro-450x300.jpeg 450w\" sizes=\"(max-width: 1600px) 100vw, 1600px\" \/><p id=\"caption-attachment-503\" class=\"wp-caption-text\">Presidente da Assembleia durante inaugura\u00e7\u00f5es na cidade de Pinheiro<\/p><\/div>\n<p>O presidente da Assembleia Legislativa do Maranh\u00e3o, deputado Othelino Neto (PCdoB), participou, na quarta-feira (22), do lan\u00e7amento de um pacote de obras no munic\u00edpio de Pinheiro. Na solenidade, foram assinadas ordens de servi\u00e7o para revitaliza\u00e7\u00e3o da Pra\u00e7a do Centen\u00e1rio e constru\u00e7\u00e3o do segundo m\u00f3dulo da feira municipal e do Centro de Imagem do Hospital Dr. Antenor Abreu.<\/p>\n<p>\u201cS\u00e3o conquistas importantes que, sem d\u00favida, atendem ao sonho da popula\u00e7\u00e3o pinheirense, que h\u00e1 d\u00e9cadas espera por estes equipamentos p\u00fablicos, adquiridos gra\u00e7as \u00e0 parceria e uni\u00e3o entre Governo do Estado, Assembleia Legislativa, C\u00e2mara Federal e Prefeitura. \u00c9 sempre raz\u00e3o de muita alegria participar da entrega de a\u00e7\u00f5es e benef\u00edcios para esta cidade t\u00e3o querida. Que essa forte alian\u00e7a entre os pol\u00edticos se traduza sempre em benef\u00edcios\u201d, acentuou o presidente.<\/p>\n<p>Al\u00e9m do lan\u00e7amento das obras, uma ambul\u00e2ncia foi entregue \u00e0 popula\u00e7\u00e3o, por meio de emenda da deputada Dra. Tha\u00edza Hortegal (PP). A parlamentar agradeceu o apoio do presidente Othelino Neto. \u201cS\u00e3o v\u00e1rias obras prometidas e que, agora, est\u00e3o sendo entregues. Outra ambul\u00e2ncia chegar\u00e1 em fevereiro, conquistada gra\u00e7as a\u00a0ajustes administrativos e a um\u00a0severo controle de gastos na Assembleia. Agrade\u00e7o ao presidente Othelino Neto, que n\u00e3o tem medido esfor\u00e7os e tem atendido, comigo, \u00e0s demandas para Pinheiro. Temos feito a boa pol\u00edtica, com compromisso e resultados\u201d, ressaltou Thaiza Hortegal.<\/p>\n<p><strong>Emendas<\/strong><\/p>\n<p>O prefeito do munic\u00edpio, Luciano Gen\u00e9sio, destacou que a parceria com o Parlamento Estadual, assim como com a C\u00e2mara Federal, tem contribu\u00eddo para o desenvolvimento de Pinheiro. \u201cAs in\u00fameras emendas colocadas por deputados estaduais e federais fizeram com que Pinheiro se tornasse um polo na \u00e1rea da sa\u00fade, educa\u00e7\u00e3o e ind\u00fastria. Agrade\u00e7o, em especial, ao presidente Othelino Neto, que compreendeu que Pinheiro precisa de aten\u00e7\u00e3o. Ele tem sido um interlocutor importante no desenvolvimento do nosso munic\u00edpio\u201d, disse.<\/p>\n<p>A uni\u00e3o entre os poderes tamb\u00e9m foi ressaltada pelo deputado federal Andr\u00e9 Fufuca. \u201cTodos esses benef\u00edcios s\u00e3o frutos da uni\u00e3o de v\u00e1rias for\u00e7as. N\u00f3s sabemos que a manuten\u00e7\u00e3o \u00e9 muito cara e sem ela n\u00e3o funciona\u201d, disse, enfatizando a destina\u00e7\u00e3o de recurso para a manuten\u00e7\u00e3o do Centro de Imagem.<\/p>\n","protected":false},"excerpt":{"rendered":"<p>O presidente da Assembleia Legislativa do Maranh\u00e3o, deputado Othelino Neto (PCdoB), participou, na quarta-feira (22), do lan\u00e7amento de um pacote de obras no munic\u00edpio de Pinheiro. Na solenidade, foram assinadas ordens de servi\u00e7o para revitaliza\u00e7\u00e3o da Pra\u00e7a do Centen\u00e1rio e &hellip; <a href=\"https:\/\/slz612.com.br\/index.php\/2020\/01\/28\/othelino-destaca-alianca-entre-assembleia-camara-e-prefeitura\/\">Continue lendo <span class=\"meta-nav\">&rarr;<\/span><\/a><\/p>\n","protected":false},"author":1,"featured_media":0,"comment_status":"open","ping_status":"open","sticky":false,"template":"","format":"standard","meta":[],"categories":[5],"tags":[],"_links":{"self":[{"href":"https:\/\/slz612.com.br\/index.php\/wp-json\/wp\/v2\/posts\/502"}],"collection":[{"href":"https:\/\/slz612.com.br\/index.php\/wp-json\/wp\/v2\/posts"}],"about":[{"href":"https:\/\/slz612.com.br\/index.php\/wp-json\/wp\/v2\/types\/post"}],"author":[{"embeddable":true,"href":"https:\/\/slz612.com.br\/index.php\/wp-json\/wp\/v2\/users\/1"}],"replies":[{"embeddable":true,"href":"https:\/\/slz612.com.br\/index.php\/wp-json\/wp\/v2\/comments?post=502"}],"version-history":[{"count":1,"href":"https:\/\/slz612.com.br\/index.php\/wp-json\/wp\/v2\/posts\/502\/revisions"}],"predecessor-version":[{"id":504,"href":"https:\/\/slz612.com.br\/index.php\/wp-json\/wp\/v2\/posts\/502\/revisions\/504"}],"wp:attachment":[{"href":"https:\/\/slz612.com.br\/index.php\/wp-json\/wp\/v2\/media?parent=502"}],"wp:term":[{"taxonomy":"category","embeddable":true,"href":"https:\/\/slz612.com.br\/index.php\/wp-json\/wp\/v2\/categories?post=502"},{"taxonomy":"post_tag","embeddable":true,"href":"https:\/\/slz612.com.br\/index.php\/wp-json\/wp\/v2\/tags?post=502"}],"curies":[{"name":"wp","href":"https:\/\/api.w.org\/{rel}","templated":true}]}}