{"id":440,"date":"2020-01-08T11:39:21","date_gmt":"2020-01-08T14:39:21","guid":{"rendered":"https:\/\/slz612.com.br\/?p=440"},"modified":"2020-01-08T11:39:21","modified_gmt":"2020-01-08T14:39:21","slug":"homem-e-preso-suspeito-de-incendiar-e-matar-morador-de-rua","status":"publish","type":"post","link":"https:\/\/slz612.com.br\/index.php\/2020\/01\/08\/homem-e-preso-suspeito-de-incendiar-e-matar-morador-de-rua\/","title":{"rendered":"Homem \u00e9 preso suspeito de incendiar e matar morador de rua"},"content":{"rendered":"<div id=\"attachment_441\" style=\"width: 970px\" class=\"wp-caption aligncenter\"><img aria-describedby=\"caption-attachment-441\" loading=\"lazy\" class=\"size-full wp-image-441\" src=\"https:\/\/slz612.com.br\/wp-content\/uploads\/2020\/01\/morador-rua.jpg\" alt=\"\" width=\"960\" height=\"720\" srcset=\"https:\/\/slz612.com.br\/wp-content\/uploads\/2020\/01\/morador-rua.jpg 960w, https:\/\/slz612.com.br\/wp-content\/uploads\/2020\/01\/morador-rua-300x225.jpg 300w, https:\/\/slz612.com.br\/wp-content\/uploads\/2020\/01\/morador-rua-768x576.jpg 768w, https:\/\/slz612.com.br\/wp-content\/uploads\/2020\/01\/morador-rua-400x300.jpg 400w\" sizes=\"(max-width: 960px) 100vw, 960px\" \/><p id=\"caption-attachment-441\" class=\"wp-caption-text\">O crime ocorreu na noite do \u00faltimo domingo na capital paulista<\/p><\/div>\n<p>A Pol\u00edcia Civil de S\u00e3o Paulo deteve, na madrugada desta quarta-feira (8), o\u00a0<a href=\"http:\/\/agenciabrasil.ebc.com.br\/geral\/noticia\/2020-01\/policia-identifica-suspeito-de-atear-fogo-em-morador-de-rua-em-sp\" target=\"_blank\" rel=\"noopener noreferrer\">suspeito de assassinar<\/a>\u00a0Carlos Roberto Vieira da Silva, de 39 anos. Ele teve pris\u00e3o tempor\u00e1ria decretada pela Justi\u00e7a. O homem \u00e9 acusado de atear fogo \u00e0 v\u00edtima, que estava em situa\u00e7\u00e3o de rua e dormia no\u00a0<a href=\"http:\/\/agenciabrasil.ebc.com.br\/geral\/noticia\/2020-01\/morador-de-rua-em-sp-e-atacado-enquanto-dormia-e-sofre-queimaduras\" target=\"_blank\" rel=\"noopener noreferrer\">momento do ataque<\/a>, na noite do \u00faltimo domingo (5).<\/p>\n<p>O suspeito foi identificado como Flausino Campos. Ele \u00e9 conhecido como Buiu. Ele tamb\u00e9m est\u00e1 em situa\u00e7\u00e3o de rua e teve o pedido de pris\u00e3o tempor\u00e1ria decretado pela Justi\u00e7a paulista. O suspeito ainda ser\u00e1 ouvido. At\u00e9 agora, a pol\u00edcia n\u00e3o sabe os motivos do crime, mas investiga se Flausino teve alguma desaven\u00e7a com a v\u00edtima.<\/p>\n<p>A ocorr\u00eancia foi registrada na rua Celso de Azevedo Marques, na Mooca, zona leste da capital paulista. A v\u00edtima foi atendida ainda com vida, pelo Corpo de Bombeiros Militar. Os socorristas encaminharam-na ao Hospital Municipal Doutor Carmino Caricchio, unidade situada no Tatuap\u00e9, a cerca de oito quil\u00f4metros do local, mas n\u00e3o resistiu aos ferimentos. Um inqu\u00e9rito foi aberto pelo 18\u00ba Distrito Policial, que apura o caso tamb\u00e9m mediante imagens capturadas por c\u00e2meras de seguran\u00e7a instaladas na regi\u00e3o.<\/p>\n<h3><span style=\"font-size: 12pt;\">Como ajudar um morador de rua<\/span><\/h3>\n<p>Caso voc\u00ea encontre um morador de rua precisando de ajuda, ligue para \u00f3rg\u00e3os p\u00fablicos que possam ajudar como pol\u00edcia, corpo de bombeiros que possuem servi\u00e7o de atendimento 24 horas.\u00a0A solicita\u00e7\u00e3o de abordagem pode ser an\u00f4nima, mas \u00e9 importante ter as seguintes informa\u00e7\u00f5es para facilitar a identifica\u00e7\u00e3o: o endere\u00e7o da via em que a pessoa em situa\u00e7\u00e3o de rua est\u00e1 (o n\u00famero pode ser aproximado); pontos de refer\u00eancia; caracter\u00edsticas f\u00edsicas e detalhes das vestimentas da pessoa a ser abordada.<\/p>\n<div class=\"saibaMais\">Fonte: Ag\u00eancia Brasil<\/div>\n","protected":false},"excerpt":{"rendered":"<p>A Pol\u00edcia Civil de S\u00e3o Paulo deteve, na madrugada desta quarta-feira (8), o\u00a0suspeito de assassinar\u00a0Carlos Roberto Vieira da Silva, de 39 anos. Ele teve pris\u00e3o tempor\u00e1ria decretada pela Justi\u00e7a. O homem \u00e9 acusado de atear fogo \u00e0 v\u00edtima, que estava &hellip; <a href=\"https:\/\/slz612.com.br\/index.php\/2020\/01\/08\/homem-e-preso-suspeito-de-incendiar-e-matar-morador-de-rua\/\">Continue lendo <span class=\"meta-nav\">&rarr;<\/span><\/a><\/p>\n","protected":false},"author":1,"featured_media":0,"comment_status":"open","ping_status":"open","sticky":false,"template":"","format":"standard","meta":[],"categories":[1],"tags":[],"_links":{"self":[{"href":"https:\/\/slz612.com.br\/index.php\/wp-json\/wp\/v2\/posts\/440"}],"collection":[{"href":"https:\/\/slz612.com.br\/index.php\/wp-json\/wp\/v2\/posts"}],"about":[{"href":"https:\/\/slz612.com.br\/index.php\/wp-json\/wp\/v2\/types\/post"}],"author":[{"embeddable":true,"href":"https:\/\/slz612.com.br\/index.php\/wp-json\/wp\/v2\/users\/1"}],"replies":[{"embeddable":true,"href":"https:\/\/slz612.com.br\/index.php\/wp-json\/wp\/v2\/comments?post=440"}],"version-history":[{"count":1,"href":"https:\/\/slz612.com.br\/index.php\/wp-json\/wp\/v2\/posts\/440\/revisions"}],"predecessor-version":[{"id":442,"href":"https:\/\/slz612.com.br\/index.php\/wp-json\/wp\/v2\/posts\/440\/revisions\/442"}],"wp:attachment":[{"href":"https:\/\/slz612.com.br\/index.php\/wp-json\/wp\/v2\/media?parent=440"}],"wp:term":[{"taxonomy":"category","embeddable":true,"href":"https:\/\/slz612.com.br\/index.php\/wp-json\/wp\/v2\/categories?post=440"},{"taxonomy":"post_tag","embeddable":true,"href":"https:\/\/slz612.com.br\/index.php\/wp-json\/wp\/v2\/tags?post=440"}],"curies":[{"name":"wp","href":"https:\/\/api.w.org\/{rel}","templated":true}]}}