{"id":3365,"date":"2026-04-30T08:24:20","date_gmt":"2026-04-30T11:24:20","guid":{"rendered":"https:\/\/slz612.com.br\/?p=3365"},"modified":"2026-04-30T08:24:20","modified_gmt":"2026-04-30T11:24:20","slug":"padastro-mata-enteada-porque-avo-era-religiosa-de-esquerda","status":"publish","type":"post","link":"https:\/\/slz612.com.br\/index.php\/2026\/04\/30\/padastro-mata-enteada-porque-avo-era-religiosa-de-esquerda\/","title":{"rendered":"Padastro mata enteada porque av\u00f3 era religiosa de esquerda"},"content":{"rendered":"<div id=\"attachment_3366\" style=\"width: 778px\" class=\"wp-caption aligncenter\"><img aria-describedby=\"caption-attachment-3366\" loading=\"lazy\" class=\"wp-image-3366 size-full\" src=\"https:\/\/slz612.com.br\/wp-content\/uploads\/2026\/04\/pai-assassino.jpeg\" alt=\"\" width=\"768\" height=\"525\" srcset=\"https:\/\/slz612.com.br\/wp-content\/uploads\/2026\/04\/pai-assassino.jpeg 768w, https:\/\/slz612.com.br\/wp-content\/uploads\/2026\/04\/pai-assassino-300x205.jpeg 300w, https:\/\/slz612.com.br\/wp-content\/uploads\/2026\/04\/pai-assassino-439x300.jpeg 439w\" sizes=\"(max-width: 768px) 100vw, 768px\" \/><p id=\"caption-attachment-3366\" class=\"wp-caption-text\">Jos\u00e9 Alves confessou que matou crian\u00e7a de 7 anos porque av\u00f3 era de religi\u00e3o esquerdista<\/p><\/div>\n<p class=\"par_texto\">A menina P\u00e9tala Yonah Silva Nunes, de 7 anos, foi encontrada morta e enterrada na casa do ex-padrastro no \u00faltimo dia 20 de abril na Zona Oeste de Natal.<\/p>\n<p class=\"par_texto\">O nome do criminoso \u00e9 Jos\u00e9 Alves Teixeira Sobrinho. Durante a audi\u00eancia de cust\u00f3dia, ele apresentou sua vers\u00e3o dos fatos e tentou dividir a responsabilidade, afirmando que a m\u00e3e da crian\u00e7a tamb\u00e9m teria participa\u00e7\u00e3o do ocorrido, vers\u00e3o j\u00e1 descartada pela pol\u00edcia.<\/p>\n<p class=\"par_texto\">Evang\u00e9lico, ele alega que ele e a m\u00e3e da crian\u00e7a planejavam se mudar para Santa Catarina, mas n\u00e3o poderiam deixar P\u00e9tala Yonah com a av\u00f3 materna, porque ela seria \u201cuma esquerdista, que segue essas religi\u00f5es de esquerda, coisa de baiano, Umbanda\u201d, declarou ao juiz durante audi\u00eancia.<\/p>\n<p class=\"par_texto\">Segundo a pol\u00edcia, por\u00e9m, a principal hip\u00f3tese \u00e9 a de vicaric\u00eddio, quando um crime \u00e9 cometido com o objetivo de atingir emocionalmente a m\u00e3e da v\u00edtima. A investiga\u00e7\u00e3o revela que Jos\u00e9 Teixeira n\u00e3o aceitavam o fim do relacionamento com a m\u00e3e da menina.<\/p>\n<p class=\"par_texto\">A tipifica\u00e7\u00e3o de vicaric\u00eddio foi sancionada pelo presidente Luiz In\u00e1cio Lula da Silva (PT) no \u00faltimo dia 9 de abril, dentro de um pacote de leis voltadas ao combate \u00e0 viol\u00eancia dom\u00e9stica. Pela nova legisla\u00e7\u00e3o, pais que matarem os pr\u00f3prios filhos \u2014 ou dependentes, como familiares idosos \u2014 com a finalidade de atingir ou punir a mulher passam a responder por esse tipo penal.<\/p>\n<p class=\"par_texto\">A nova tipifica\u00e7\u00e3o permite classificar o vicaric\u00eddio como crime hediondo, com pena de 20 a 40 anos de reclus\u00e3o, al\u00e9m de multa. A puni\u00e7\u00e3o pode ser aumentada em um ter\u00e7o se o crime for cometido na presen\u00e7a da mulher; contra crian\u00e7a ou adolescente, pessoa idosa ou com defici\u00eancia; ou em descumprimento de medida protetiva. A mudan\u00e7a segue linha semelhante \u00e0 adotada em 2024, quando o feminic\u00eddio passou a ter tipifica\u00e7\u00e3o pr\u00f3pria.<\/p>\n<p class=\"par_texto\">\u201cN\u00e3o basta o homic\u00eddio da v\u00edtima vulner\u00e1vel. \u00c9 indispens\u00e1vel comprovar que o objetivo era atingir a mulher. Ent\u00e3o, a dificuldade pode girar em torno desse contexto\u201d, afirmou um advogado especialista.<\/p>\n<h2>DETALHES DO CASO<\/h2>\n<p class=\"par_texto\">A m\u00e3e da v\u00edtima havia se separado de Jos\u00e9 Teixeira em dezembro do ano passado. Segundo familiares, a menina brincava com primos na tarde de domingo, 19 de abril, quando desapareceu. A m\u00e3e relatou que os tr\u00eas filhos tinham boa rela\u00e7\u00e3o com o ex-companheiro, que, ap\u00f3s a separa\u00e7\u00e3o, chegou a invadir a resid\u00eancia por n\u00e3o aceitar o fim do relacionamento.<\/p>\n<p>\u201cA gente planejava se mudar para Santa Catarina. Sab\u00edamos com quem deixar as outras duas crian\u00e7as. Mas Yonah era um problema, porque teria que ficar com a av\u00f3 esquerdista\u201d, disse o agressor.<\/p>\n<p>FONTE: Pragmatismo Pol\u00edtico. Para acessar mat\u00e9ria <a href=\"https:\/\/www.pragmatismopolitico.com.br\/2026\/04\/padrasto-evangelico-admite-que-matou-enteada-de-7-anos-porque-ela-poderia-seguir-religioes-de-esquerda.html\">original click aqui\u00a0<\/a><\/p>\n","protected":false},"excerpt":{"rendered":"<p>A menina P\u00e9tala Yonah Silva Nunes, de 7 anos, foi encontrada morta e enterrada na casa do ex-padrastro no \u00faltimo dia 20 de abril na Zona Oeste de Natal. O nome do criminoso \u00e9 Jos\u00e9 Alves Teixeira Sobrinho. Durante a &hellip; <a href=\"https:\/\/slz612.com.br\/index.php\/2026\/04\/30\/padastro-mata-enteada-porque-avo-era-religiosa-de-esquerda\/\">Continue lendo <span class=\"meta-nav\">&rarr;<\/span><\/a><\/p>\n","protected":false},"author":1,"featured_media":0,"comment_status":"open","ping_status":"open","sticky":false,"template":"","format":"standard","meta":[],"categories":[1],"tags":[],"_links":{"self":[{"href":"https:\/\/slz612.com.br\/index.php\/wp-json\/wp\/v2\/posts\/3365"}],"collection":[{"href":"https:\/\/slz612.com.br\/index.php\/wp-json\/wp\/v2\/posts"}],"about":[{"href":"https:\/\/slz612.com.br\/index.php\/wp-json\/wp\/v2\/types\/post"}],"author":[{"embeddable":true,"href":"https:\/\/slz612.com.br\/index.php\/wp-json\/wp\/v2\/users\/1"}],"replies":[{"embeddable":true,"href":"https:\/\/slz612.com.br\/index.php\/wp-json\/wp\/v2\/comments?post=3365"}],"version-history":[{"count":1,"href":"https:\/\/slz612.com.br\/index.php\/wp-json\/wp\/v2\/posts\/3365\/revisions"}],"predecessor-version":[{"id":3367,"href":"https:\/\/slz612.com.br\/index.php\/wp-json\/wp\/v2\/posts\/3365\/revisions\/3367"}],"wp:attachment":[{"href":"https:\/\/slz612.com.br\/index.php\/wp-json\/wp\/v2\/media?parent=3365"}],"wp:term":[{"taxonomy":"category","embeddable":true,"href":"https:\/\/slz612.com.br\/index.php\/wp-json\/wp\/v2\/categories?post=3365"},{"taxonomy":"post_tag","embeddable":true,"href":"https:\/\/slz612.com.br\/index.php\/wp-json\/wp\/v2\/tags?post=3365"}],"curies":[{"name":"wp","href":"https:\/\/api.w.org\/{rel}","templated":true}]}}