{"id":3351,"date":"2026-03-11T10:24:58","date_gmt":"2026-03-11T13:24:58","guid":{"rendered":"https:\/\/slz612.com.br\/?p=3351"},"modified":"2026-03-11T10:24:58","modified_gmt":"2026-03-11T13:24:58","slug":"daniel-vorcaro-foi-destaque-em-evento-da-globo-em-nova-york","status":"publish","type":"post","link":"https:\/\/slz612.com.br\/index.php\/2026\/03\/11\/daniel-vorcaro-foi-destaque-em-evento-da-globo-em-nova-york\/","title":{"rendered":"Daniel Vorcaro foi destaque em evento da Globo em Nova York"},"content":{"rendered":"<div id=\"attachment_3352\" style=\"width: 969px\" class=\"wp-caption aligncenter\"><img aria-describedby=\"caption-attachment-3352\" loading=\"lazy\" class=\"size-full wp-image-3352\" src=\"https:\/\/slz612.com.br\/wp-content\/uploads\/2026\/03\/Vorcaro-Master.png\" alt=\"\" width=\"959\" height=\"673\" srcset=\"https:\/\/slz612.com.br\/wp-content\/uploads\/2026\/03\/Vorcaro-Master.png 959w, https:\/\/slz612.com.br\/wp-content\/uploads\/2026\/03\/Vorcaro-Master-300x211.png 300w, https:\/\/slz612.com.br\/wp-content\/uploads\/2026\/03\/Vorcaro-Master-768x539.png 768w, https:\/\/slz612.com.br\/wp-content\/uploads\/2026\/03\/Vorcaro-Master-427x300.png 427w\" sizes=\"(max-width: 959px) 100vw, 959px\" \/><p id=\"caption-attachment-3352\" class=\"wp-caption-text\">Vorcaro foi o primeiro palestrante e representou o principal patrocinador do encontro<\/p><\/div>\n<p><b>247 &#8211;<\/b>\u00a0O banqueiro mineiro Daniel Vorcaro ganhou proje\u00e7\u00e3o internacional em maio de 2024 ao participar como destaque do Summit Valor Econ\u00f4mico Brazil-USA, realizado em Nova York. O encontro reuniu empres\u00e1rios, investidores e representantes do sistema financeiro em um dos principais eventos voltados \u00e0s rela\u00e7\u00f5es econ\u00f4micas entre Brasil e Estados Unidos.<\/p>\n<p>As informa\u00e7\u00f5es foram publicadas originalmente na coluna de Cl\u00e1udio Magnavita, no jornal\u00a0<a href=\"https:\/\/www.correiodamanha.com.br\/colunistas\/magnavita\/2026\/03\/266450-coluna-magnavita-vorcaro-foi-estrela-de-evento-do-grupo-globo-bancado-pelo-banco-master-em-nova-iorque.html\" target=\"_blank\" rel=\"noopener noreferrer nofollow\">Correio da Manh\u00e3<\/a>. Vorcaro foi um dos protagonistas do encontro organizado pelo jornal Valor Econ\u00f4mico, pertencente ao grupo Globo, e patrocinado pelo Banco Master, institui\u00e7\u00e3o financeira comandada pelo empres\u00e1rio.<\/p>\n<h2><b>Banco Master patrocinou o encontro<\/b><\/h2>\n<p>O evento ocorreu em 15 de maio de 2024, no Hotel Plaza, em Nova York, e marcou o in\u00edcio das comemora\u00e7\u00f5es dos 25 anos do Valor Econ\u00f4mico. Na ocasi\u00e3o, Vorcaro foi o primeiro palestrante e representou o principal patrocinador do encontro.<\/p>\n<p>De acordo com informa\u00e7\u00f5es divulgadas pelo pr\u00f3prio site do jornal, a estrutura do evento contou com diversos patrocinadores e parceiros institucionais. A apresenta\u00e7\u00e3o institucional indicava:<\/p>\n<p>\u201cO Summit Valor Econ\u00f4mico &#8211; Brazil-USA \u00e9 apresentado por Banco Master, tem o patroc\u00ednio m\u00e1ster de Gulf e JBS, patroc\u00ednio de Gerdau, JHSF, Cedae, Copel e AEGEA, al\u00e9m do apoio da cidade de S\u00e3o Paulo, governo de S\u00e3o Paulo, governo do Mato Grosso, governo do Par\u00e1, governo de Goi\u00e1s e Invest.Rio. As companhias a\u00e9reas oficiais s\u00e3o Latam e Delta Airlines. A realiza\u00e7\u00e3o \u00e9 do Valor Econ\u00f4mico.\u201d<\/p>\n<p>Segundo o relato da coluna, o p\u00fablico era composto por executivos de grandes empresas brasileiras, representantes do sistema financeiro e investidores internacionais com atua\u00e7\u00e3o no Brasil.<\/p>\n<h2><b>Discurso e recep\u00e7\u00e3o do empres\u00e1rio<\/b><\/h2>\n<p>Durante a abertura do encontro, a diretora de reda\u00e7\u00e3o do Valor Econ\u00f4mico, Maria Fernanda Delmas, destacou que o summit celebrava os 200 anos de rela\u00e7\u00f5es diplom\u00e1ticas entre Brasil e Estados Unidos e tamb\u00e9m inaugurava o ciclo de comemora\u00e7\u00f5es do anivers\u00e1rio do jornal.<\/p>\n<p>Antes da apresenta\u00e7\u00e3o de Vorcaro, o evento exibiu um v\u00eddeo institucional com indicadores de desempenho do Banco Master, incluindo avalia\u00e7\u00f5es de ag\u00eancias de risco e dados sobre produtos financeiros da institui\u00e7\u00e3o.<\/p>\n<p>PARA MAT\u00c9RIA COMPLETA ACESSA BRASIL247 <a href=\"https:\/\/www.brasil247.com\/brasil\/daniel-vorcaro-foi-destaque-em-evento-da-globo-em-nova-york\">OU CLIQUE AQUI<\/a><\/p>\n","protected":false},"excerpt":{"rendered":"<p>247 &#8211;\u00a0O banqueiro mineiro Daniel Vorcaro ganhou proje\u00e7\u00e3o internacional em maio de 2024 ao participar como destaque do Summit Valor Econ\u00f4mico Brazil-USA, realizado em Nova York. O encontro reuniu empres\u00e1rios, investidores e representantes do sistema financeiro em um dos principais &hellip; <a href=\"https:\/\/slz612.com.br\/index.php\/2026\/03\/11\/daniel-vorcaro-foi-destaque-em-evento-da-globo-em-nova-york\/\">Continue lendo <span class=\"meta-nav\">&rarr;<\/span><\/a><\/p>\n","protected":false},"author":1,"featured_media":0,"comment_status":"open","ping_status":"open","sticky":false,"template":"","format":"standard","meta":[],"categories":[1],"tags":[],"_links":{"self":[{"href":"https:\/\/slz612.com.br\/index.php\/wp-json\/wp\/v2\/posts\/3351"}],"collection":[{"href":"https:\/\/slz612.com.br\/index.php\/wp-json\/wp\/v2\/posts"}],"about":[{"href":"https:\/\/slz612.com.br\/index.php\/wp-json\/wp\/v2\/types\/post"}],"author":[{"embeddable":true,"href":"https:\/\/slz612.com.br\/index.php\/wp-json\/wp\/v2\/users\/1"}],"replies":[{"embeddable":true,"href":"https:\/\/slz612.com.br\/index.php\/wp-json\/wp\/v2\/comments?post=3351"}],"version-history":[{"count":1,"href":"https:\/\/slz612.com.br\/index.php\/wp-json\/wp\/v2\/posts\/3351\/revisions"}],"predecessor-version":[{"id":3353,"href":"https:\/\/slz612.com.br\/index.php\/wp-json\/wp\/v2\/posts\/3351\/revisions\/3353"}],"wp:attachment":[{"href":"https:\/\/slz612.com.br\/index.php\/wp-json\/wp\/v2\/media?parent=3351"}],"wp:term":[{"taxonomy":"category","embeddable":true,"href":"https:\/\/slz612.com.br\/index.php\/wp-json\/wp\/v2\/categories?post=3351"},{"taxonomy":"post_tag","embeddable":true,"href":"https:\/\/slz612.com.br\/index.php\/wp-json\/wp\/v2\/tags?post=3351"}],"curies":[{"name":"wp","href":"https:\/\/api.w.org\/{rel}","templated":true}]}}