{"id":3313,"date":"2025-12-18T08:36:52","date_gmt":"2025-12-18T11:36:52","guid":{"rendered":"https:\/\/slz612.com.br\/?p=3313"},"modified":"2025-12-18T08:36:52","modified_gmt":"2025-12-18T11:36:52","slug":"oms-alerta-para-o-virus-k-que-ainda-nao-chegou-ao-brasil","status":"publish","type":"post","link":"https:\/\/slz612.com.br\/index.php\/2025\/12\/18\/oms-alerta-para-o-virus-k-que-ainda-nao-chegou-ao-brasil\/","title":{"rendered":"OMS alerta para o V\u00edrus K que ainda n\u00e3o chegou ao Brasil"},"content":{"rendered":"<p><img loading=\"lazy\" class=\"aligncenter size-full wp-image-2241\" src=\"https:\/\/slz612.com.br\/wp-content\/uploads\/2022\/11\/doencas-perigo.jpg\" alt=\"\" width=\"600\" height=\"400\" srcset=\"https:\/\/slz612.com.br\/wp-content\/uploads\/2022\/11\/doencas-perigo.jpg 600w, https:\/\/slz612.com.br\/wp-content\/uploads\/2022\/11\/doencas-perigo-300x200.jpg 300w, https:\/\/slz612.com.br\/wp-content\/uploads\/2022\/11\/doencas-perigo-450x300.jpg 450w\" sizes=\"(max-width: 600px) 100vw, 600px\" \/><\/p>\n<p>A identifica\u00e7\u00e3o no Brasil de um novo tipo do v\u00edrus influenza A (H3N2), conhecido como \u201cv\u00edrus K\u201d, ainda n\u00e3o \u00e9 motivo para preocupa\u00e7\u00e3o, avalia o vice-presidente da Sociedade Brasileira de Imuniza\u00e7\u00f5es (SBIm), Renato Kfouri.\u00a0<strong>Segundo o especialista, a circula\u00e7\u00e3o de variantes do influenza faz parte da din\u00e2mica natural do v\u00edrus e, neste momento, n\u00e3o h\u00e1 elementos suficientes para prever impacto maior na pr\u00f3xima temporada de gripe<\/strong>.<\/p>\n<p>Segundo especialistas da Sociedade Brasileira de Imuniza\u00e7\u00f5es (SBIm),\u00a0<span class=\"highlight highlighted\">os sintomas observados at\u00e9 agora s\u00e3o os mesmos da gripe sazonal conhecida. <\/span>Detalhe: Idade, presen\u00e7a de doen\u00e7as cr\u00f4nicas, estado imunol\u00f3gico e vacina\u00e7\u00e3o influenciam diretamente a intensidade do quadro infeccioso.<\/p>\n<p><strong>Qualquer estimativa sobre gravidade, dura\u00e7\u00e3o ou intensidade da pr\u00f3xima temporada seria prematura.<\/strong><\/p>\n<blockquote><p>\u201cN\u00e3o sabe se essa vai ser a variante circulante e predominante ainda no mundo. Est\u00e1 come\u00e7ando a temporada no Hemisf\u00e9rio Norte. Nem sabemos se vai ser a temporada do H3N2 ou se vai vir outro H1N1. Isso \u00e9 tudo muito te\u00f3rico ainda\u201d, disse Kfouri.<\/p><\/blockquote>\n<p><strong>Na semana passada, a Organiza\u00e7\u00e3o Mundial da Sa\u00fade emitiu nota informativa em que chama aten\u00e7\u00e3o para o aumento r\u00e1pido da circula\u00e7\u00e3o da variante K do Influenza A no Hemisf\u00e9rio Norte, em especial na Europa, Am\u00e9rica do Norte e Leste Asi\u00e1tico<\/strong>.<\/p>\n<p>Na Europa, a atividade da influenza iniciou mais cedo do que o habitual. A variante K representou quase metade dos casos de infec\u00e7\u00f5es reportadas entre maio e novembro de 2025. N\u00e3o foi registrada ainda nenhuma mudan\u00e7a significativa na gravidade cl\u00ednica, em termos de interna\u00e7\u00e3o hospitalar, admiss\u00f5es em cuidados intensivos ou \u00f3bito.<\/p>\n<p><strong>O Minist\u00e9rio da Sa\u00fade publicou nesta semana informe sobre a situa\u00e7\u00e3o epidemiol\u00f3gica do pa\u00eds e destacou, pela primeira vez, a identifica\u00e7\u00e3o de um caso da variante K no Brasil, no estado do Par\u00e1<\/strong>.<\/p>\n<p>Na quarta-feira (17), a Funda\u00e7\u00e3o Oswaldo Cruz (Fiocruz) trouxe mais detalhes sobre o registro. A amostra com a presen\u00e7a da nova variante foi coletada em Bel\u00e9m (PA), no dia 26 de novembro, e inicialmente analisada pelo Laborat\u00f3rio Central do Estado do Par\u00e1 (Lacen-PA).<\/p>\n<p><strong>Depois da confirma\u00e7\u00e3o de influenza A (H3N2), o material foi encaminhado ao Instituto Oswaldo Cruz (IOC\/Fiocruz), onde passou por sequenciamento gen\u00e9tico.<\/strong><\/p>\n<p>O caso refere-se a uma paciente adulta, do sexo feminino, estrangeira, oriunda das ilhas Fiji, e foi classificado como importado. At\u00e9 o momento, n\u00e3o h\u00e1 evid\u00eancias de transmiss\u00e3o local associada \u00e0 variante no Brasil.<\/p>\n<p><strong>Para Kfouri, a detec\u00e7\u00e3o de novas variantes \u00e9 esperada<\/strong>.<\/p>\n<blockquote><p>\u201cTodo ano temos novidade do influenza. \u00c9 da natureza do v\u00edrus sofrer muta\u00e7\u00f5es e causar epidemias anuais. Por isso, que precisamos tomar vacina todo ano. As vacinas s\u00e3o atualizadas conforme o que se consegue prever do que vai circular na temporada seguinte\u201d, explicou.<\/p><\/blockquote>\n<p><strong>O especialista destaca que, mesmo quando h\u00e1 alguma dist\u00e2ncia gen\u00e9tica entre a vacina e o v\u00edrus circulante, a prote\u00e7\u00e3o permanece, especialmente contra formas graves da doen\u00e7a.<\/strong>\u00a0\u201cO que faz\u00a0\u00e0s vezes\u00a0com que a efetividade da vacina seja um pouco maior no ano do que no outro ano, mas nunca se perde a efetividade. H\u00e1 sempre alguma perspectiva ou expectativa de prote\u00e7\u00e3o, especialmente contra desfechos mais graves de hospitaliza\u00e7\u00e3o e morte\u201d, disse.<\/p>\n<p><strong>Especialistas da Fiocruz refor\u00e7am que a vacina\u00e7\u00e3o segue como a principal ferramenta de preven\u00e7\u00e3o<\/strong>. A composi\u00e7\u00e3o da vacina recomendada pela OMS foi atualizada em setembro, com cepas mais pr\u00f3ximas das atualmente em circula\u00e7\u00e3o, incluindo o subclado K.<\/p>\n<blockquote><p>\u201cA composi\u00e7\u00e3o da vacina de influenza recomendada pela Organiza\u00e7\u00e3o Mundial de Sa\u00fade foi atualizada em setembro para o pr\u00f3ximo ano, com cepas mais pr\u00f3ximas dos clados atualmente em circula\u00e7\u00e3o, incluindo o subclado K\u201d, diz Marilda Siqueira, chefe do Laborat\u00f3rio de V\u00edrus Respirat\u00f3rios, Exantem\u00e1ticos, Enterov\u00edrus e Emerg\u00eancias Virais do IOC.<\/p><\/blockquote>\n<p><strong>Al\u00e9m da vacina\u00e7\u00e3o, as recomenda\u00e7\u00f5es incluem higieniza\u00e7\u00e3o frequente das m\u00e3os, evitar contato pr\u00f3ximo em caso de sintomas respirat\u00f3rios, uso de m\u00e1scara e busca por atendimento m\u00e9dico, especialmente diante de febre<\/strong>. Para os servi\u00e7os de sa\u00fade, a principal orienta\u00e7\u00e3o \u00e9 manter o fortalecimento cont\u00ednuo da vigil\u00e2ncia epidemiol\u00f3gica, laboratorial e gen\u00f4mica.<\/p>\n<p>Para acessar mat\u00e9ria original visite o site da Ag\u00eancia Brasil <a href=\"https:\/\/agenciabrasil.ebc.com.br\/saude\/noticia\/2025-12\/e-cedo-para-alarme-com-virus-k-no-brasil\">ou clique aqui<\/a><\/p>\n","protected":false},"excerpt":{"rendered":"<p>A identifica\u00e7\u00e3o no Brasil de um novo tipo do v\u00edrus influenza A (H3N2), conhecido como \u201cv\u00edrus K\u201d, ainda n\u00e3o \u00e9 motivo para preocupa\u00e7\u00e3o, avalia o vice-presidente da Sociedade Brasileira de Imuniza\u00e7\u00f5es (SBIm), Renato Kfouri.\u00a0Segundo o especialista, a circula\u00e7\u00e3o de variantes &hellip; <a href=\"https:\/\/slz612.com.br\/index.php\/2025\/12\/18\/oms-alerta-para-o-virus-k-que-ainda-nao-chegou-ao-brasil\/\">Continue lendo <span class=\"meta-nav\">&rarr;<\/span><\/a><\/p>\n","protected":false},"author":1,"featured_media":0,"comment_status":"open","ping_status":"open","sticky":false,"template":"","format":"standard","meta":[],"categories":[1],"tags":[],"_links":{"self":[{"href":"https:\/\/slz612.com.br\/index.php\/wp-json\/wp\/v2\/posts\/3313"}],"collection":[{"href":"https:\/\/slz612.com.br\/index.php\/wp-json\/wp\/v2\/posts"}],"about":[{"href":"https:\/\/slz612.com.br\/index.php\/wp-json\/wp\/v2\/types\/post"}],"author":[{"embeddable":true,"href":"https:\/\/slz612.com.br\/index.php\/wp-json\/wp\/v2\/users\/1"}],"replies":[{"embeddable":true,"href":"https:\/\/slz612.com.br\/index.php\/wp-json\/wp\/v2\/comments?post=3313"}],"version-history":[{"count":1,"href":"https:\/\/slz612.com.br\/index.php\/wp-json\/wp\/v2\/posts\/3313\/revisions"}],"predecessor-version":[{"id":3314,"href":"https:\/\/slz612.com.br\/index.php\/wp-json\/wp\/v2\/posts\/3313\/revisions\/3314"}],"wp:attachment":[{"href":"https:\/\/slz612.com.br\/index.php\/wp-json\/wp\/v2\/media?parent=3313"}],"wp:term":[{"taxonomy":"category","embeddable":true,"href":"https:\/\/slz612.com.br\/index.php\/wp-json\/wp\/v2\/categories?post=3313"},{"taxonomy":"post_tag","embeddable":true,"href":"https:\/\/slz612.com.br\/index.php\/wp-json\/wp\/v2\/tags?post=3313"}],"curies":[{"name":"wp","href":"https:\/\/api.w.org\/{rel}","templated":true}]}}