{"id":3093,"date":"2025-01-24T12:09:32","date_gmt":"2025-01-24T15:09:32","guid":{"rendered":"https:\/\/slz612.com.br\/?p=3093"},"modified":"2025-01-24T12:09:32","modified_gmt":"2025-01-24T15:09:32","slug":"pessoas-com-deficiencia-ou-cancer-serao-isentas-de-despesas-judiciais","status":"publish","type":"post","link":"https:\/\/slz612.com.br\/index.php\/2025\/01\/24\/pessoas-com-deficiencia-ou-cancer-serao-isentas-de-despesas-judiciais\/","title":{"rendered":"Pessoas com defici\u00eancia ou c\u00e2ncer ser\u00e3o isentas de despesas judiciais"},"content":{"rendered":"<div id=\"attachment_3094\" style=\"width: 685px\" class=\"wp-caption aligncenter\"><img aria-describedby=\"caption-attachment-3094\" loading=\"lazy\" class=\"size-full wp-image-3094\" src=\"https:\/\/slz612.com.br\/wp-content\/uploads\/2025\/01\/Camara-Plenario.jpg\" alt=\"\" width=\"675\" height=\"450\" srcset=\"https:\/\/slz612.com.br\/wp-content\/uploads\/2025\/01\/Camara-Plenario.jpg 675w, https:\/\/slz612.com.br\/wp-content\/uploads\/2025\/01\/Camara-Plenario-300x200.jpg 300w, https:\/\/slz612.com.br\/wp-content\/uploads\/2025\/01\/Camara-Plenario-450x300.jpg 450w\" sizes=\"(max-width: 675px) 100vw, 675px\" \/><p id=\"caption-attachment-3094\" class=\"wp-caption-text\">Antes de chegar ao plen\u00e1rio para vota\u00e7\u00e3o o Projeto de Lei ser\u00e1 analisado na Comiss\u00e3o de Finan\u00e7as<\/p><\/div>\n<p>A Comiss\u00e3o de Defesa dos Direitos das Pessoas com Defici\u00eancia da C\u00e2mara dos Deputados aprovou, em dezembro, projeto de lei que altera o <a href=\"https:\/\/www2.camara.leg.br\/legin\/fed\/lei\/2015\/lei-13105-16-marco-2015-780273-norma-pl.html\">C\u00f3digo de Processo Civil<\/a> para prever gratuidade de justi\u00e7a a pacientes com c\u00e2ncer e a pessoas com defici\u00eancia.<\/p>\n<p>O c\u00f3digo j\u00e1 prev\u00ea atualmente que a gratuidade de justi\u00e7a pode ser concedida, por decis\u00e3o judicial, a pessoas e empresas que comprovem n\u00e3o ter recursos para arcar com os custos do processo.<\/p>\n<p>Foi aprovado o <span id=\"4098\" class=\"termoGlossario\" title=\"\" contenteditable=\"false\" data-toggle=\"tooltip\" data-placement=\"top\" data-original-title=\"Nome que se d\u00e1 ao texto que altera substancialmente o conte\u00fado original da proposta. O substitutivo \u00e9 apresentado pelo relator e tem prefer\u00eancia na vota\u00e7\u00e3o sobre o projeto original.\">substitutivo<\/span> do relator, deputado Weliton Prado (Solidariedade-MG), ao <a class=\"linkProposicao\" href=\"https:\/\/www.camara.leg.br\/noticias\/1051701-projeto-concede-gratuidade-na-justica-para-pacientes-em-tratamento-do-cancer-e-pessoas-com-deficiencia\">Projeto de Lei 917\/24<\/a>, do deputado Luciano Galego (PL-MA). O texto original previa a gratuidade para pessoas com defici\u00eancia f\u00edsica ou com transtorno do espectro autista (TEA).<\/p>\n<p>\u201cConferir gratuidade de justi\u00e7a para pacientes com c\u00e2ncer \u00e9 uma medida relevante, pois muitos desses pacientes enfrentam tratamentos com custos elevados, restando poucos recursos para arcar com despesas judiciais e garantir a linha de cuidado da doen\u00e7a\u201d, disse Prado, que concordou com a ideia original do projeto, mas prop\u00f4s altera\u00e7\u00f5es para melhor adequar o texto \u00e0 legisla\u00e7\u00e3o brasileira.<\/p>\n<p>\u201cO uso do termo \u2018deficientes f\u00edsicos\u2019 contraria os princ\u00edpios da Conven\u00e7\u00e3o e da Lei Brasileira de Inclus\u00e3o (LBI), que primam pela utiliza\u00e7\u00e3o do termo \u2018pessoas com defici\u00eancia\u2019\u201d, explicou o relator. Ele destacou ainda que a Pol\u00edtica Nacional de Prote\u00e7\u00e3o dos Direitos da Pessoa com Transtorno do Espectro Autista j\u00e1 equipara, para todos os efeitos legais, as pessoas com TEA como pessoas com defici\u00eancia.<\/p>\n<p><strong>Pr\u00f3ximas etapas<\/strong><strong><br \/>\n<\/strong>A proposta ser\u00e1 ainda analisada, em <span id=\"4322\" class=\"termoGlossario\" title=\"\" contenteditable=\"false\" data-toggle=\"tooltip\" data-placement=\"top\" data-original-title=\"Rito de tramita\u00e7\u00e3o pelo qual o projeto \u00e9 votado apenas pelas comiss\u00f5es designadas para analis\u00e1-lo, dispensada a delibera\u00e7\u00e3o do Plen\u00e1rio. O projeto perde o car\u00e1ter conclusivo se houver decis\u00e3o divergente entre as comiss\u00f5es ou se, independentemente de ser aprovado ou rejeitado, houver recurso assinado por 52 deputados para a aprecia\u00e7\u00e3o da mat\u00e9ria no Plen\u00e1rio.\">car\u00e1ter conclusivo<\/span>, pelas comiss\u00f5es de Finan\u00e7as e Tributa\u00e7\u00e3o; e de Constitui\u00e7\u00e3o e Justi\u00e7a e de Cidadania.<\/p>\n<p>Para virar lei, o texto precisa ser aprovado pela C\u00e2mara e pelo Senado.<\/p>\n<ul>\n<li><a href=\"https:\/\/www.camara.leg.br\/noticias\/573454-SAIBA-MAIS-SOBRE-A-TRAMITACAO-DE-PROJETOS-DE-LEI\">Saiba mais sobre a tramita\u00e7\u00e3o de projetos de lei<\/a><\/li>\n<\/ul>\n<p>Fonte: Ag\u00eancia C\u00e2mara de Not\u00edcias<\/p>\n","protected":false},"excerpt":{"rendered":"<p>A Comiss\u00e3o de Defesa dos Direitos das Pessoas com Defici\u00eancia da C\u00e2mara dos Deputados aprovou, em dezembro, projeto de lei que altera o C\u00f3digo de Processo Civil para prever gratuidade de justi\u00e7a a pacientes com c\u00e2ncer e a pessoas com &hellip; <a href=\"https:\/\/slz612.com.br\/index.php\/2025\/01\/24\/pessoas-com-deficiencia-ou-cancer-serao-isentas-de-despesas-judiciais\/\">Continue lendo <span class=\"meta-nav\">&rarr;<\/span><\/a><\/p>\n","protected":false},"author":1,"featured_media":0,"comment_status":"open","ping_status":"open","sticky":false,"template":"","format":"standard","meta":[],"categories":[1],"tags":[],"_links":{"self":[{"href":"https:\/\/slz612.com.br\/index.php\/wp-json\/wp\/v2\/posts\/3093"}],"collection":[{"href":"https:\/\/slz612.com.br\/index.php\/wp-json\/wp\/v2\/posts"}],"about":[{"href":"https:\/\/slz612.com.br\/index.php\/wp-json\/wp\/v2\/types\/post"}],"author":[{"embeddable":true,"href":"https:\/\/slz612.com.br\/index.php\/wp-json\/wp\/v2\/users\/1"}],"replies":[{"embeddable":true,"href":"https:\/\/slz612.com.br\/index.php\/wp-json\/wp\/v2\/comments?post=3093"}],"version-history":[{"count":1,"href":"https:\/\/slz612.com.br\/index.php\/wp-json\/wp\/v2\/posts\/3093\/revisions"}],"predecessor-version":[{"id":3095,"href":"https:\/\/slz612.com.br\/index.php\/wp-json\/wp\/v2\/posts\/3093\/revisions\/3095"}],"wp:attachment":[{"href":"https:\/\/slz612.com.br\/index.php\/wp-json\/wp\/v2\/media?parent=3093"}],"wp:term":[{"taxonomy":"category","embeddable":true,"href":"https:\/\/slz612.com.br\/index.php\/wp-json\/wp\/v2\/categories?post=3093"},{"taxonomy":"post_tag","embeddable":true,"href":"https:\/\/slz612.com.br\/index.php\/wp-json\/wp\/v2\/tags?post=3093"}],"curies":[{"name":"wp","href":"https:\/\/api.w.org\/{rel}","templated":true}]}}