{"id":30,"date":"2019-10-31T19:03:02","date_gmt":"2019-10-31T22:03:02","guid":{"rendered":"https:\/\/slz612.com.br\/?p=30"},"modified":"2019-10-31T19:03:02","modified_gmt":"2019-10-31T22:03:02","slug":"politicos-reagem-a-fala-de-eduardo-bolsonaro-sobre-ai-5","status":"publish","type":"post","link":"https:\/\/slz612.com.br\/index.php\/2019\/10\/31\/politicos-reagem-a-fala-de-eduardo-bolsonaro-sobre-ai-5\/","title":{"rendered":"Pol\u00edticos reagem a fala de Eduardo Bolsonaro sobre AI-5"},"content":{"rendered":"<div id=\"attachment_31\" style=\"width: 778px\" class=\"wp-caption aligncenter\"><img aria-describedby=\"caption-attachment-31\" loading=\"lazy\" class=\"wp-image-31 size-full\" src=\"https:\/\/slz612.com.br\/wp-content\/uploads\/2019\/10\/eduardo-768x512.jpg\" alt=\"\" width=\"768\" height=\"512\" srcset=\"https:\/\/slz612.com.br\/wp-content\/uploads\/2019\/10\/eduardo-768x512.jpg 768w, https:\/\/slz612.com.br\/wp-content\/uploads\/2019\/10\/eduardo-768x512-300x200.jpg 300w, https:\/\/slz612.com.br\/wp-content\/uploads\/2019\/10\/eduardo-768x512-450x300.jpg 450w\" sizes=\"(max-width: 768px) 100vw, 768px\" \/><p id=\"caption-attachment-31\" class=\"wp-caption-text\">(Foto: Mathilde Missioneiro\/Folhapress)<\/p><\/div>\n<p style=\"text-align: justify;\"><span style=\"font-size: 14pt; color: #000000;\">As declara\u00e7\u00f5es de Eduardo Bolsonaro em defesa de um novo AI-5 no pa\u00eds, caso a esquerda se radicalize, foram vistas por pol\u00edticos de diferentes partidos como um retrocesso, uma evid\u00eancia de inten\u00e7\u00f5es autorit\u00e1rias e um risco \u00e0 democracia. O AI-5 foi editado em 1968 no per\u00edodo mais duro da ditadura militar (1964-1985).<\/span><\/p>\n<p style=\"text-align: justify;\"><span style=\"font-size: 14pt; color: #000000;\">Filho do presidente Jair Bolsonaro e l\u00edder do PSL na C\u00e2mara, o deputado federal deu a declara\u00e7\u00e3o em entrevista \u00e0 jornalista Leda Nagle realizada na segunda-feira (28) e publicada nesta quinta-feira (31) no canal dela no YouTube.<\/span><\/p>\n<p style=\"text-align: justify;\"><span style=\"font-size: 14pt; color: #000000;\">\u201cSe a esquerda radicalizar a esse ponto, a gente vai precisar ter uma resposta. E uma resposta pode ser via um novo AI-5, pode ser via uma legisla\u00e7\u00e3o aprovada atrav\u00e9s de um plebiscito como ocorreu na It\u00e1lia. Alguma resposta vai ter que ser dada\u201d, afirmou o parlamentar, filho do presidente Jair Bolsonaro.<\/span><\/p>\n<p style=\"text-align: justify;\"><span style=\"font-size: 14pt; color: #000000;\">Mais tarde, em meio \u00e0 repercuss\u00e3o de sua declara\u00e7\u00e3o, Eduardo usou uma rede social para refor\u00e7ar a exalta\u00e7\u00e3o \u00e0 ditadura militar.<\/span><\/p>\n<p style=\"text-align: justify;\"><span style=\"font-size: 14pt; color: #000000;\">\u201c\u202aSe voc\u00ea est\u00e1 do lado da verdade, N\u00c3O TENHAIS MEDO!\u202c\u201d, escreveu, ao postar um v\u00eddeo no qual o pai, ainda deputado federal, enaltece o coronel Carlos Alberto Brilhante Ustra, um dos principais s\u00edmbolos da repress\u00e3o durante a ditadura e condenado em segunda inst\u00e2ncia por tortura e sequestro no regime militar.<\/span><\/p>\n<p style=\"text-align: justify;\"><span style=\"font-size: 14pt; color: #000000;\">O quinto ato, assinado pelo marechal Arthur da Costa e Silva (que assumira a Presid\u00eancia em 1967), resultou no fechamento imediato e por tempo indeterminado do Congresso Nacional e das Assembleias nos estados \u2014com exce\u00e7\u00e3o de S\u00e3o Paulo.<\/span><\/p>\n<p style=\"text-align: justify;\"><span style=\"font-size: 14pt; color: #000000;\">Al\u00e9m disso, o AI-5 renovou poderes conferidos ao presidente para cassar mandatos e suspender direitos pol\u00edticos, agora em car\u00e1ter permanente. Tamb\u00e9m foi suspensa a garantia do habeas corpus em casos de crimes pol\u00edticos, contra a seguran\u00e7a nacional, a ordem econ\u00f4mica e a economia popular.<\/span><\/p>\n<p style=\"text-align: justify;\"><span style=\"font-size: 14pt; color: #000000;\">Nesta quinta-feira, uma das primeiras rea\u00e7\u00f5es veio do presidente nacional do PSDB, Bruno Ara\u00fajo, que disse em uma rede social que \u201cparece que n\u00e3o restam mais d\u00favidas sobre as inten\u00e7\u00f5es autorit\u00e1rias de quem n\u00e3o suporta viver em uma sociedade livre\u201d.<\/span><\/p>\n<p style=\"text-align: justify;\"><span style=\"font-size: 14pt; color: #000000;\">\u201cPreferem a coer\u00e7\u00e3o ao livre debate de ideias. Escolhem a intoler\u00e2ncia ao di\u00e1logo. Amea\u00e7ar a democracia \u00e9 jogar o Brasil novamente nas trevas. O PSDB nasceu na luta pela volta da democracia no Brasil condena de maneira veemente as declara\u00e7\u00f5es do filho do presidente da Rep\u00fablica\u201d, disse Ara\u00fajo.<\/span><\/p>\n<p style=\"text-align: justify;\"><span style=\"font-size: 14pt; color: #000000;\">L\u00edder do PSDB\u00a0na C\u00e2mara, Carlos Sampaio (SP) chamou a declara\u00e7\u00e3o de \u201cdesatino\u201d. \u201c\u00c9 um coment\u00e1rio que afronta a democracia, agride o bom senso e que n\u00e3o ajuda em nada o pa\u00eds neste momento em que estabilidade pol\u00edtica \u00e9 essencial para avan\u00e7armos nas discuss\u00f5es que s\u00e3o importantes para o pa\u00eds.\u201d<\/span><\/p>\n<p style=\"text-align: justify;\"><span style=\"font-size: 14pt; color: #000000;\">A deputada Joice Hasselmann (PSL-SP) afirmou que a democracia vive um \u201cgrave risco\u201d. \u201cAgora fica claro que isso \u00e9 tudo que essa gente sempre quis\u201d, disse.\u00a0\u00a0<\/span><\/p>\n<p style=\"text-align: justify;\"><span style=\"font-size: 14pt; color: #000000;\">\u201cCome\u00e7ou com a radicaliza\u00e7\u00e3o do discurso, com o ataque desenfreado a qualquer um que guarde os princ\u00edpios democr\u00e1ticos e defenda as liberdades, seguiu para interfer\u00eancia em outros Poderes e com a constru\u00e7\u00e3o da narrativa de que \u00e9 preciso fazer qualquer coisa para o inimigo n\u00e3o tomar o poder, at\u00e9 mesmo um golpe\u201d, afirmou a parlamentar\u00a0do partido de Bolsonaro, mas rompida com a ala ligada ao presidente.\u00a0<\/span><\/p>\n<p style=\"text-align: justify;\"><span style=\"font-size: 14pt; color: #000000;\">Marcos Pereira, presidente do\u00a0Republicanos, divulgou nota em que diz \u201crepudiar veementemente\u201d a declara\u00e7\u00e3o de Eduardo e pediu \u201cbom\u00a0senso, equil\u00edbrio, modera\u00e7\u00e3o e di\u00e1logo\u201d.<\/span><\/p>\n<p style=\"text-align: justify;\"><span style=\"font-size: 14pt; color: #000000;\">\u201cRessalta-se, ainda, que atentar contra a democracia \u00e9 crime, como prescreve o artigo 5\u00ba da Constitui\u00e7\u00e3o Federal\u201d, afirmou. \u201cN\u00e3o\u00a0podemos aceitar, sob nenhuma justificativa, qualquer incita\u00e7\u00e3o a atitudes autorit\u00e1rias. (\u2026)\u00a0Infelizmente n\u00e3o \u00e9 a primeira vez que Eduardo Bolsonaro, o deputado mais votado da nossa democracia, d\u00e1 ind\u00edcios de que flerta com o autoritarismo\u201d, disse.\u00a0<\/span><\/p>\n<p>&nbsp;<\/p>\n<p><span style=\"font-size: 10pt;\">Gilberto Leda<\/span><\/p>\n","protected":false},"excerpt":{"rendered":"<p>As declara\u00e7\u00f5es de Eduardo Bolsonaro em defesa de um novo AI-5 no pa\u00eds, caso a esquerda se radicalize, foram vistas por pol\u00edticos de diferentes partidos como um retrocesso, uma evid\u00eancia de inten\u00e7\u00f5es autorit\u00e1rias e um risco \u00e0 democracia. O AI-5 &hellip; <a href=\"https:\/\/slz612.com.br\/index.php\/2019\/10\/31\/politicos-reagem-a-fala-de-eduardo-bolsonaro-sobre-ai-5\/\">Continue lendo <span class=\"meta-nav\">&rarr;<\/span><\/a><\/p>\n","protected":false},"author":1,"featured_media":0,"comment_status":"open","ping_status":"open","sticky":false,"template":"","format":"standard","meta":[],"categories":[5],"tags":[],"_links":{"self":[{"href":"https:\/\/slz612.com.br\/index.php\/wp-json\/wp\/v2\/posts\/30"}],"collection":[{"href":"https:\/\/slz612.com.br\/index.php\/wp-json\/wp\/v2\/posts"}],"about":[{"href":"https:\/\/slz612.com.br\/index.php\/wp-json\/wp\/v2\/types\/post"}],"author":[{"embeddable":true,"href":"https:\/\/slz612.com.br\/index.php\/wp-json\/wp\/v2\/users\/1"}],"replies":[{"embeddable":true,"href":"https:\/\/slz612.com.br\/index.php\/wp-json\/wp\/v2\/comments?post=30"}],"version-history":[{"count":1,"href":"https:\/\/slz612.com.br\/index.php\/wp-json\/wp\/v2\/posts\/30\/revisions"}],"predecessor-version":[{"id":32,"href":"https:\/\/slz612.com.br\/index.php\/wp-json\/wp\/v2\/posts\/30\/revisions\/32"}],"wp:attachment":[{"href":"https:\/\/slz612.com.br\/index.php\/wp-json\/wp\/v2\/media?parent=30"}],"wp:term":[{"taxonomy":"category","embeddable":true,"href":"https:\/\/slz612.com.br\/index.php\/wp-json\/wp\/v2\/categories?post=30"},{"taxonomy":"post_tag","embeddable":true,"href":"https:\/\/slz612.com.br\/index.php\/wp-json\/wp\/v2\/tags?post=30"}],"curies":[{"name":"wp","href":"https:\/\/api.w.org\/{rel}","templated":true}]}}