{"id":2900,"date":"2024-08-08T12:11:49","date_gmt":"2024-08-08T15:11:49","guid":{"rendered":"https:\/\/slz612.com.br\/?p=2900"},"modified":"2024-08-08T12:19:58","modified_gmt":"2024-08-08T15:19:58","slug":"rapidinhas-veja-o-que-disseram-cada-deputado-na-sessao-desta-quinta","status":"publish","type":"post","link":"https:\/\/slz612.com.br\/index.php\/2024\/08\/08\/rapidinhas-veja-o-que-disseram-cada-deputado-na-sessao-desta-quinta\/","title":{"rendered":"RAPIDINHAS: Veja o que disseram cada deputado na sess\u00e3o desta quinta-feira"},"content":{"rendered":"<div id=\"attachment_2901\" style=\"width: 680px\" class=\"wp-caption aligncenter\"><img aria-describedby=\"caption-attachment-2901\" loading=\"lazy\" class=\"wp-image-2901 size-full\" src=\"https:\/\/slz612.com.br\/wp-content\/uploads\/2024\/08\/deputado-estadual-carlos-lula.jpg\" alt=\"\" width=\"670\" height=\"447\" srcset=\"https:\/\/slz612.com.br\/wp-content\/uploads\/2024\/08\/deputado-estadual-carlos-lula.jpg 670w, https:\/\/slz612.com.br\/wp-content\/uploads\/2024\/08\/deputado-estadual-carlos-lula-300x200.jpg 300w, https:\/\/slz612.com.br\/wp-content\/uploads\/2024\/08\/deputado-estadual-carlos-lula-450x300.jpg 450w\" sizes=\"(max-width: 670px) 100vw, 670px\" \/><p id=\"caption-attachment-2901\" class=\"wp-caption-text\">Deputado Carlos Lula tratou da troca de secret\u00e1rios na Secid<\/p><\/div>\n<p>O deputado Carlos Lula abriu os pronunciamentos na sess\u00e3o desta quinta-feira,8,\u00a0 e repercutiu a passagem da senhora Joslene Rodrigues (esposa do deputado federal M\u00e1rcio Jerry) no comando da Secretaria de Estado das Cidades e Desenvolvimento Urbano (Secid). Logo em seguida, o deputado Fred Maia tratou de a\u00e7\u00f5es pol\u00edticas na cidade de Pedreiras. Mas imediatamente o deputado Vinicius Louro tratou da falta d&#8217;\u00e1gua na cidade de Pedreiras.<\/p>\n<p>O deputado Ant\u00f4nio Pereira trouxe para tribuna solenidade no Pal\u00e1cio dos Le\u00f5es onde foram entregues 50 certificados aeromedicos para servidores da sa\u00fade.<\/p>\n<p>Ainda na sess\u00e3o, o deputado Ariston ressaltou a participa\u00e7\u00e3o de escolas maranhenses na Copa do Mundo de Rob\u00f3tica sediada na capital maranhense. Francisco Nagib destacou as a\u00e7\u00f5es de investimentos do governo do estado no munic\u00edpio de Cod\u00f3.<\/p>\n<div id=\"attachment_2904\" style=\"width: 285px\" class=\"wp-caption aligncenter\"><img aria-describedby=\"caption-attachment-2904\" loading=\"lazy\" class=\"size-full wp-image-2904\" src=\"https:\/\/slz612.com.br\/wp-content\/uploads\/2024\/08\/Deputado-Ariston.jpg\" alt=\"\" width=\"275\" height=\"183\" \/><p id=\"caption-attachment-2904\" class=\"wp-caption-text\">Deputado Ariston ressaltou Copa do mundo de Rob\u00f3tica no Maranh\u00e3o<\/p><\/div>\n<p>O deputado Dr.Ygl\u00e9sio abordou sess\u00e3o na C\u00e2mara Municipal de S\u00e3o Lu\u00eds que tinha na pauta a cessa\u00e7\u00e3o de um parlamentar (vereador Domingos Paz). Mas anunciou a falta de qu\u00f3rum para iniciar os trabalhos.<\/p>\n<p>Wellington do Curso tratou de v\u00e1rios temas entre eles, a falta de um medicamento na rede estadual de sa\u00fade. J\u00e1 o deputado Erick Costa demonstrou preocupa\u00e7\u00e3o com o avan\u00e7o do tr\u00e1fico de drogas no estado e parabenizou a Pol\u00edcia Militar pelo enfrentamento aos criminosos.<\/p>\n<p>O deputado Othelino Neto repercutiu as conven\u00e7\u00f5es pol\u00edticas no interior do estado. A sess\u00e3o chegou ao fim com um embate entre o deputado Rodrigo Lago e o deputado Dr. Ygl\u00e9sio. De forma ordeira, os parlamentares protagonizaram um bate-rebate sobre Fl\u00e1vio Dino, Lula, Bolsonaro, Vacina\u00e7\u00e3o contra Covid, apoios pol\u00edticos e bases eleitorais.<\/p>\n<div id=\"attachment_2906\" style=\"width: 285px\" class=\"wp-caption aligncenter\"><img aria-describedby=\"caption-attachment-2906\" loading=\"lazy\" class=\"size-full wp-image-2906\" src=\"https:\/\/slz612.com.br\/wp-content\/uploads\/2024\/08\/Deputado-Rodrigo-Lago.jpg\" alt=\"\" width=\"275\" height=\"183\" \/><p id=\"caption-attachment-2906\" class=\"wp-caption-text\">Deputado Rodrigo Lago<\/p><\/div>\n<p>Esta foi a \u00faltima sess\u00e3o da semana, os deputados estaduais maranhenses voltam a se reunir, em sess\u00e3o ordin\u00e1ria, na pr\u00f3xima ter\u00e7a-feira, \u00e0s 9h30 da manh\u00e3.<\/p>\n","protected":false},"excerpt":{"rendered":"<p>O deputado Carlos Lula abriu os pronunciamentos na sess\u00e3o desta quinta-feira,8,\u00a0 e repercutiu a passagem da senhora Joslene Rodrigues (esposa do deputado federal M\u00e1rcio Jerry) no comando da Secretaria de Estado das Cidades e Desenvolvimento Urbano (Secid). Logo em seguida, &hellip; <a href=\"https:\/\/slz612.com.br\/index.php\/2024\/08\/08\/rapidinhas-veja-o-que-disseram-cada-deputado-na-sessao-desta-quinta\/\">Continue lendo <span class=\"meta-nav\">&rarr;<\/span><\/a><\/p>\n","protected":false},"author":1,"featured_media":0,"comment_status":"open","ping_status":"open","sticky":false,"template":"","format":"standard","meta":[],"categories":[1],"tags":[],"_links":{"self":[{"href":"https:\/\/slz612.com.br\/index.php\/wp-json\/wp\/v2\/posts\/2900"}],"collection":[{"href":"https:\/\/slz612.com.br\/index.php\/wp-json\/wp\/v2\/posts"}],"about":[{"href":"https:\/\/slz612.com.br\/index.php\/wp-json\/wp\/v2\/types\/post"}],"author":[{"embeddable":true,"href":"https:\/\/slz612.com.br\/index.php\/wp-json\/wp\/v2\/users\/1"}],"replies":[{"embeddable":true,"href":"https:\/\/slz612.com.br\/index.php\/wp-json\/wp\/v2\/comments?post=2900"}],"version-history":[{"count":5,"href":"https:\/\/slz612.com.br\/index.php\/wp-json\/wp\/v2\/posts\/2900\/revisions"}],"predecessor-version":[{"id":2908,"href":"https:\/\/slz612.com.br\/index.php\/wp-json\/wp\/v2\/posts\/2900\/revisions\/2908"}],"wp:attachment":[{"href":"https:\/\/slz612.com.br\/index.php\/wp-json\/wp\/v2\/media?parent=2900"}],"wp:term":[{"taxonomy":"category","embeddable":true,"href":"https:\/\/slz612.com.br\/index.php\/wp-json\/wp\/v2\/categories?post=2900"},{"taxonomy":"post_tag","embeddable":true,"href":"https:\/\/slz612.com.br\/index.php\/wp-json\/wp\/v2\/tags?post=2900"}],"curies":[{"name":"wp","href":"https:\/\/api.w.org\/{rel}","templated":true}]}}