{"id":26,"date":"2019-10-31T18:59:28","date_gmt":"2019-10-31T21:59:28","guid":{"rendered":"https:\/\/slz612.com.br\/?p=26"},"modified":"2019-10-31T18:59:28","modified_gmt":"2019-10-31T21:59:28","slug":"deputada-evangelica-condena-halloween-data-macabra","status":"publish","type":"post","link":"https:\/\/slz612.com.br\/index.php\/2019\/10\/31\/deputada-evangelica-condena-halloween-data-macabra\/","title":{"rendered":"Deputada evang\u00e9lica condena Halloween: \u2018Data macabra\u2019"},"content":{"rendered":"<p><img loading=\"lazy\" class=\"aligncenter  wp-image-27\" src=\"https:\/\/slz612.com.br\/wp-content\/uploads\/2019\/10\/mical-453x300.jpg\" alt=\"\" width=\"534\" height=\"358\" \/><\/p>\n<p style=\"text-align: justify;\"><span style=\"font-size: 14pt; color: #000000;\">A deputada estadual Mical Damasceno (PTB) fez hoje (31) cr\u00edticas \u00e0 comemora\u00e7\u00e3o do Halloween \u2013 o tradicional Dia das Bruxas \u2013 no Brasil.<\/span><\/p>\n<p style=\"text-align: justify;\"><span style=\"font-size: 14pt; color: #000000;\">Segundo ela, trata-se de uma \u201cdata macabra\u201d.<\/span><\/p>\n<p style=\"text-align: justify;\"><span style=\"font-size: 14pt; color: #000000;\">A parlamentar mencionou a data festiva norte-americana ao citar a passagem dos 502 anos da Reforma Protestante.<\/span><\/p>\n<p style=\"text-align: justify;\"><span style=\"font-size: 14pt; color: #000000;\">\u201cHoje, \u00e9 dia de celebrar, de confraternizar e de louvar ao nosso Deus, n\u00e3o pelo 31 de outubro convencional, que faz alus\u00e3o a uma data macabra, sin\u00f4nimo de morte, o 31 de outubro do crente \u00e9 diferente, representa a vida e o renovo do poder de Deus sobre os nossos cora\u00e7\u00f5es. Que possamos diariamente valorizar a coragem de nosso irm\u00e3o em Cristo, Martinho Lutero, mas, acima de tudo, que honremos a Deus, com o nosso cora\u00e7\u00e3o e com a nossa gratid\u00e3o, todos os dias de nossa vida\u201d, declarou.<\/span><\/p>\n<p>&nbsp;<\/p>\n<p><span style=\"font-size: 10pt;\">Gilberto Leda<\/span><\/p>\n","protected":false},"excerpt":{"rendered":"<p>A deputada estadual Mical Damasceno (PTB) fez hoje (31) cr\u00edticas \u00e0 comemora\u00e7\u00e3o do Halloween \u2013 o tradicional Dia das Bruxas \u2013 no Brasil. Segundo ela, trata-se de uma \u201cdata macabra\u201d. A parlamentar mencionou a data festiva norte-americana ao citar a &hellip; <a href=\"https:\/\/slz612.com.br\/index.php\/2019\/10\/31\/deputada-evangelica-condena-halloween-data-macabra\/\">Continue lendo <span class=\"meta-nav\">&rarr;<\/span><\/a><\/p>\n","protected":false},"author":1,"featured_media":0,"comment_status":"open","ping_status":"open","sticky":false,"template":"","format":"standard","meta":[],"categories":[1],"tags":[],"_links":{"self":[{"href":"https:\/\/slz612.com.br\/index.php\/wp-json\/wp\/v2\/posts\/26"}],"collection":[{"href":"https:\/\/slz612.com.br\/index.php\/wp-json\/wp\/v2\/posts"}],"about":[{"href":"https:\/\/slz612.com.br\/index.php\/wp-json\/wp\/v2\/types\/post"}],"author":[{"embeddable":true,"href":"https:\/\/slz612.com.br\/index.php\/wp-json\/wp\/v2\/users\/1"}],"replies":[{"embeddable":true,"href":"https:\/\/slz612.com.br\/index.php\/wp-json\/wp\/v2\/comments?post=26"}],"version-history":[{"count":2,"href":"https:\/\/slz612.com.br\/index.php\/wp-json\/wp\/v2\/posts\/26\/revisions"}],"predecessor-version":[{"id":29,"href":"https:\/\/slz612.com.br\/index.php\/wp-json\/wp\/v2\/posts\/26\/revisions\/29"}],"wp:attachment":[{"href":"https:\/\/slz612.com.br\/index.php\/wp-json\/wp\/v2\/media?parent=26"}],"wp:term":[{"taxonomy":"category","embeddable":true,"href":"https:\/\/slz612.com.br\/index.php\/wp-json\/wp\/v2\/categories?post=26"},{"taxonomy":"post_tag","embeddable":true,"href":"https:\/\/slz612.com.br\/index.php\/wp-json\/wp\/v2\/tags?post=26"}],"curies":[{"name":"wp","href":"https:\/\/api.w.org\/{rel}","templated":true}]}}