{"id":2411,"date":"2023-02-27T13:42:32","date_gmt":"2023-02-27T16:42:32","guid":{"rendered":"https:\/\/slz612.com.br\/?p=2411"},"modified":"2023-02-27T13:42:32","modified_gmt":"2023-02-27T16:42:32","slug":"sem-investigacao-desafetos-de-bolsonaro-eram-monitorados","status":"publish","type":"post","link":"https:\/\/slz612.com.br\/index.php\/2023\/02\/27\/sem-investigacao-desafetos-de-bolsonaro-eram-monitorados\/","title":{"rendered":"Sem investiga\u00e7\u00e3o, desafetos de Bolsonaro eram monitorados"},"content":{"rendered":"<div id=\"attachment_2412\" style=\"width: 810px\" class=\"wp-caption aligncenter\"><img aria-describedby=\"caption-attachment-2412\" loading=\"lazy\" class=\"size-full wp-image-2412\" src=\"https:\/\/slz612.com.br\/wp-content\/uploads\/2023\/02\/receita-federal-mac.jpg\" alt=\"\" width=\"800\" height=\"533\" srcset=\"https:\/\/slz612.com.br\/wp-content\/uploads\/2023\/02\/receita-federal-mac.jpg 800w, https:\/\/slz612.com.br\/wp-content\/uploads\/2023\/02\/receita-federal-mac-300x200.jpg 300w, https:\/\/slz612.com.br\/wp-content\/uploads\/2023\/02\/receita-federal-mac-768x512.jpg 768w, https:\/\/slz612.com.br\/wp-content\/uploads\/2023\/02\/receita-federal-mac-450x300.jpg 450w\" sizes=\"(max-width: 800px) 100vw, 800px\" \/><p id=\"caption-attachment-2412\" class=\"wp-caption-text\">Dados foram acessados sem nenhuma investiga\u00e7\u00e3o formal em curso na Receita<\/p><\/div>\n<p>Coordenador-geral de Pesquisa e Investiga\u00e7\u00e3o da Receita Federal no in\u00edcio do governo Jair Bolsonaro (PL), Ricardo Pereira Feitosa acessou e copiou dados fiscais sigilosos de desafetos do ent\u00e3o ocupante do Pal\u00e1cio do Planalto.<\/p>\n<p>Coordenador-geral de Pesquisa e Investiga\u00e7\u00e3o da Receita Federal no in\u00edcio do governo Jair Bolsonaro (PL), Ricardo Pereira Feitosa acessou e copiou dados fiscais sigilosos de desafetos do ent\u00e3o ocupante do Pal\u00e1cio do Planalto.<\/p>\n<p>De acordo com depoimentos e documentos obtidos pela\u00a0<a href=\"https:\/\/www1.folha.uol.com.br\/poder\/2023\/02\/chefe-da-inteligencia-da-receita-acessou-e-copiou-dados-sigilosos-de-desafetos-de-bolsonaro.shtml\" target=\"_blank\" rel=\"noopener\">Folha de S. Paulo<\/a>, Feitosa acessou de forma imotivada os dados nos dias 10, 16 e 18 de julho de 2019. N\u00e3o havia nenhuma investiga\u00e7\u00e3o formal em curso na Receita contra os tr\u00eas citados.<\/p>\n<p>O chefe da intelig\u00eancia da Receita extraiu c\u00f3pia das declara\u00e7\u00f5es completas de Imposto de Renda do procurador Eduardo Gussem relativas a sete anos, de 2013 a 2019. De Bebianno tamb\u00e9m foram extra\u00eddos dados do IR relativos ao mesmo per\u00edodo de tempo, al\u00e9m de outros documentos. Marinho teve os IRs de 2008 a 2019 acessados (a exce\u00e7\u00e3o de 2012) e copiados. Sua mulher, Adriana, os de 2010 a 2013.<\/p>\n<p>&#8220;O ent\u00e3o chefe da intelig\u00eancia da Receita vasculhou dados dos desafetos de Bolsonaro em outros tr\u00eas sistemas sigilosos da Receita, um que re\u00fane ativos e opera\u00e7\u00f5es financeiras de especial interesse do Fisco, um de com\u00e9rcio exterior e uma plataforma integrada alimentada por 29 bases de dados distintas&#8221;, conta a reportagem.<\/p>\n<p>Em nota, Feitosa afirmou que n\u00e3o cometeu viola\u00e7\u00e3o, que n\u00e3o vazou dados sigilosos e que sempre atuou no estrito cumprimento do dever legal.<\/p>\n","protected":false},"excerpt":{"rendered":"<p>Coordenador-geral de Pesquisa e Investiga\u00e7\u00e3o da Receita Federal no in\u00edcio do governo Jair Bolsonaro (PL), Ricardo Pereira Feitosa acessou e copiou dados fiscais sigilosos de desafetos do ent\u00e3o ocupante do Pal\u00e1cio do Planalto. Coordenador-geral de Pesquisa e Investiga\u00e7\u00e3o da Receita &hellip; <a href=\"https:\/\/slz612.com.br\/index.php\/2023\/02\/27\/sem-investigacao-desafetos-de-bolsonaro-eram-monitorados\/\">Continue lendo <span class=\"meta-nav\">&rarr;<\/span><\/a><\/p>\n","protected":false},"author":1,"featured_media":0,"comment_status":"open","ping_status":"open","sticky":false,"template":"","format":"standard","meta":[],"categories":[1],"tags":[],"_links":{"self":[{"href":"https:\/\/slz612.com.br\/index.php\/wp-json\/wp\/v2\/posts\/2411"}],"collection":[{"href":"https:\/\/slz612.com.br\/index.php\/wp-json\/wp\/v2\/posts"}],"about":[{"href":"https:\/\/slz612.com.br\/index.php\/wp-json\/wp\/v2\/types\/post"}],"author":[{"embeddable":true,"href":"https:\/\/slz612.com.br\/index.php\/wp-json\/wp\/v2\/users\/1"}],"replies":[{"embeddable":true,"href":"https:\/\/slz612.com.br\/index.php\/wp-json\/wp\/v2\/comments?post=2411"}],"version-history":[{"count":1,"href":"https:\/\/slz612.com.br\/index.php\/wp-json\/wp\/v2\/posts\/2411\/revisions"}],"predecessor-version":[{"id":2413,"href":"https:\/\/slz612.com.br\/index.php\/wp-json\/wp\/v2\/posts\/2411\/revisions\/2413"}],"wp:attachment":[{"href":"https:\/\/slz612.com.br\/index.php\/wp-json\/wp\/v2\/media?parent=2411"}],"wp:term":[{"taxonomy":"category","embeddable":true,"href":"https:\/\/slz612.com.br\/index.php\/wp-json\/wp\/v2\/categories?post=2411"},{"taxonomy":"post_tag","embeddable":true,"href":"https:\/\/slz612.com.br\/index.php\/wp-json\/wp\/v2\/tags?post=2411"}],"curies":[{"name":"wp","href":"https:\/\/api.w.org\/{rel}","templated":true}]}}