{"id":2057,"date":"2022-07-21T08:52:39","date_gmt":"2022-07-21T11:52:39","guid":{"rendered":"https:\/\/slz612.com.br\/?p=2057"},"modified":"2022-07-21T08:52:39","modified_gmt":"2022-07-21T11:52:39","slug":"reporter-da-globo-e-ameacada-ao-vivo-por-homem-armado","status":"publish","type":"post","link":"https:\/\/slz612.com.br\/index.php\/2022\/07\/21\/reporter-da-globo-e-ameacada-ao-vivo-por-homem-armado\/","title":{"rendered":"Rep\u00f3rter da Globo \u00e9 amea\u00e7ada ao vivo por homem armado"},"content":{"rendered":"<div id=\"attachment_2058\" style=\"width: 1290px\" class=\"wp-caption aligncenter\"><img aria-describedby=\"caption-attachment-2058\" loading=\"lazy\" class=\"size-full wp-image-2058\" src=\"https:\/\/slz612.com.br\/wp-content\/uploads\/2022\/07\/reporter-ameacada-2.jpg\" alt=\"\" width=\"1280\" height=\"720\" srcset=\"https:\/\/slz612.com.br\/wp-content\/uploads\/2022\/07\/reporter-ameacada-2.jpg 1280w, https:\/\/slz612.com.br\/wp-content\/uploads\/2022\/07\/reporter-ameacada-2-300x169.jpg 300w, https:\/\/slz612.com.br\/wp-content\/uploads\/2022\/07\/reporter-ameacada-2-1024x576.jpg 1024w, https:\/\/slz612.com.br\/wp-content\/uploads\/2022\/07\/reporter-ameacada-2-768x432.jpg 768w, https:\/\/slz612.com.br\/wp-content\/uploads\/2022\/07\/reporter-ameacada-2-500x281.jpg 500w\" sizes=\"(max-width: 1280px) 100vw, 1280px\" \/><p id=\"caption-attachment-2058\" class=\"wp-caption-text\">Daniela Carla fazia reportagem o vivo para o Bom dia Esp\u00edrito Santos quando foi amea\u00e7ada<\/p><\/div>\n<p><a href=\"https:\/\/www.metropoles.com\/entretenimento\/televisao\/video-reporter-e-ameacada-ao-vivo-por-homem-armado-e-lamenta-situacao\" target=\"_blank\" rel=\"noopener noreferrer\"><b>Metr\u00f3poles &#8211;<\/b><\/a> A rep\u00f3rter Daniela Carla, da TV Gazeta, afiliada da Globo no Esp\u00edrito Santo, passou por um momento de tens\u00e3o durante o Bom Dia Esp\u00edrito Santos de quarta-feira (20). Ela foi amea\u00e7ada por um homem armado e precisou deixar o Morro do Cabral \u00e0s pressas.<\/p>\n<p>Tudo come\u00e7ou quando Daniela foi ao local para falar sobre uma s\u00e9rie de tiroteios que aconteceram na madrugada, quando foi abordada pelo homem.<\/p>\n<p>\u201cN\u00f3s acabamos de ser amea\u00e7ados no Morro do Cabral. A gente vai sair daqui agora, um homem armado nos mandou embora neste momento. Esse rapaz aqui apontou uma arma para mim. Pouco antes, um comparsa dele passou por aqui e falou que a gente tinha que meter o p\u00e9\u201d, disse a rep\u00f3rter.<\/p>\n<p>Nervosa com a situa\u00e7\u00e3o, Daniela n\u00e3o conseguiu seguir com o trabalho e disse que deixaria o local: \u201cA gente vai descer essa escada, porque n\u00e3o quer colocar a nossa vida em risco. Estamos deixando essa regi\u00e3o agora, se der n\u00f3s voltamos. Estou nervosa, com a voz meio tr\u00eamula, mas \u00e9 normal.\u201d<\/p>\n<p>Um dos \u00e2ncoras do jornal, M\u00e1rio Bonella pediu que a rep\u00f3rter procurasse a pol\u00edcia e desabafou sobre a situa\u00e7\u00e3o tensa. \u201cEla est\u00e1 l\u00e1 para levar informa\u00e7\u00e3o a voc\u00ea, mas foi impedida de trabalhar. A Dani vai para o carro, para outra regi\u00e3o da cidade, assim que for poss\u00edvel, a gente volta com mais informa\u00e7\u00f5es\u201d, lamentou ele.<\/p>\n<p>Em suas redes sociais, Daniela desabafou sobre a situa\u00e7\u00e3o e lembrou que estava apenas fazendo o seu trabalho. \u201cMas assim como se acham no direito de tirar a paz de pessoas de bem, criminosos acham que podem nos impedir de contar o que eles fizeram e cobrar seguran\u00e7a por parte das autoridades. N\u00e3o podem! Fizemos nosso trabalho\u201d, escreveu.<\/p>\n<p>VEJA MAT\u00c9RIA COMPLETA EM BRASIL 247 OU <a href=\"https:\/\/www.brasil247.com\/midia\/reporter-da-globo-e-ameacada-ao-vivo-por-homem-armado-e-lamenta-situacao-video\">CLICANDO AQUI<\/a><\/p>\n<p>&nbsp;<\/p>\n","protected":false},"excerpt":{"rendered":"<p>Metr\u00f3poles &#8211; A rep\u00f3rter Daniela Carla, da TV Gazeta, afiliada da Globo no Esp\u00edrito Santo, passou por um momento de tens\u00e3o durante o Bom Dia Esp\u00edrito Santos de quarta-feira (20). Ela foi amea\u00e7ada por um homem armado e precisou deixar &hellip; <a href=\"https:\/\/slz612.com.br\/index.php\/2022\/07\/21\/reporter-da-globo-e-ameacada-ao-vivo-por-homem-armado\/\">Continue lendo <span class=\"meta-nav\">&rarr;<\/span><\/a><\/p>\n","protected":false},"author":1,"featured_media":0,"comment_status":"open","ping_status":"open","sticky":false,"template":"","format":"standard","meta":[],"categories":[1],"tags":[],"_links":{"self":[{"href":"https:\/\/slz612.com.br\/index.php\/wp-json\/wp\/v2\/posts\/2057"}],"collection":[{"href":"https:\/\/slz612.com.br\/index.php\/wp-json\/wp\/v2\/posts"}],"about":[{"href":"https:\/\/slz612.com.br\/index.php\/wp-json\/wp\/v2\/types\/post"}],"author":[{"embeddable":true,"href":"https:\/\/slz612.com.br\/index.php\/wp-json\/wp\/v2\/users\/1"}],"replies":[{"embeddable":true,"href":"https:\/\/slz612.com.br\/index.php\/wp-json\/wp\/v2\/comments?post=2057"}],"version-history":[{"count":1,"href":"https:\/\/slz612.com.br\/index.php\/wp-json\/wp\/v2\/posts\/2057\/revisions"}],"predecessor-version":[{"id":2059,"href":"https:\/\/slz612.com.br\/index.php\/wp-json\/wp\/v2\/posts\/2057\/revisions\/2059"}],"wp:attachment":[{"href":"https:\/\/slz612.com.br\/index.php\/wp-json\/wp\/v2\/media?parent=2057"}],"wp:term":[{"taxonomy":"category","embeddable":true,"href":"https:\/\/slz612.com.br\/index.php\/wp-json\/wp\/v2\/categories?post=2057"},{"taxonomy":"post_tag","embeddable":true,"href":"https:\/\/slz612.com.br\/index.php\/wp-json\/wp\/v2\/tags?post=2057"}],"curies":[{"name":"wp","href":"https:\/\/api.w.org\/{rel}","templated":true}]}}