{"id":2052,"date":"2022-06-02T10:58:49","date_gmt":"2022-06-02T13:58:49","guid":{"rendered":"https:\/\/slz612.com.br\/?p=2052"},"modified":"2022-06-02T10:58:49","modified_gmt":"2022-06-02T13:58:49","slug":"piloto-dorme-durante-voo-internacional-e-veja-o-que-aconteceu","status":"publish","type":"post","link":"https:\/\/slz612.com.br\/index.php\/2022\/06\/02\/piloto-dorme-durante-voo-internacional-e-veja-o-que-aconteceu\/","title":{"rendered":"Piloto dorme durante voo internacional e veja o que aconteceu"},"content":{"rendered":"<div id=\"attachment_2053\" style=\"width: 1034px\" class=\"wp-caption aligncenter\"><img aria-describedby=\"caption-attachment-2053\" loading=\"lazy\" class=\"size-full wp-image-2053\" src=\"https:\/\/slz612.com.br\/wp-content\/uploads\/2022\/06\/piloto-dormiu.jpeg\" alt=\"\" width=\"1024\" height=\"683\" srcset=\"https:\/\/slz612.com.br\/wp-content\/uploads\/2022\/06\/piloto-dormiu.jpeg 1024w, https:\/\/slz612.com.br\/wp-content\/uploads\/2022\/06\/piloto-dormiu-300x200.jpeg 300w, https:\/\/slz612.com.br\/wp-content\/uploads\/2022\/06\/piloto-dormiu-768x512.jpeg 768w, https:\/\/slz612.com.br\/wp-content\/uploads\/2022\/06\/piloto-dormiu-450x300.jpeg 450w\" sizes=\"(max-width: 1024px) 100vw, 1024px\" \/><p id=\"caption-attachment-2053\" class=\"wp-caption-text\">O voo AZ609 teria ficado cerca de pelo menos 10 minutos sem nenhum piloto consciente abordo<\/p><\/div>\n<p>Um piloto de avi\u00e3o foi demitido da companhia a\u00e9rea Ita Airways por dormir em pleno voo, deixando a aeronave ultrapassar aeroportos de desembarque, na It\u00e1lia. O outro piloto do voo, que vinha de Nova York com destino a Roma, estava na sua hora de descanso programada.<\/p>\n<p>O caso aconteceu no dia 30 de abril e veio \u00e0 p\u00fablico no \u00faltimo s\u00e1bado, em reportagem do jornal italiano La Reppublica. A aeronave era um modelo Airbus A330-200.<\/p>\n<p>O voo AZ609 teria ficado cerca de pelo menos 10 minutos sem nenhum piloto consciente abordo. Foi esse o tempo que o controle de tr\u00e1fego a\u00e9reo demorou para fazer contato com a dupla na cabine.<\/p>\n<p>A falta de contato aconteceu quando a aeronave sobrevoava territ\u00f3rio franc\u00eas. A falta de contato com os pilotos fez soar um alerta de poss\u00edvel ataque terrorista, e as autoridades francesas alertaram aos italianos da possibilidade do avi\u00e3o ter sido sequestrado.<\/p>\n<p>De acordo com jornal brit\u00e2nico The Independent, dados mostram que o avi\u00e3o n\u00e3o sofreu perda de altitude durante o intervalo de tempo em que ficou incomunic\u00e1vel.<\/p>\n<p>Segundo a Ita Airways, uma investiga\u00e7\u00e3o foi feita para averiguar o que ocorreu na cabine do avi\u00e3o. Como resultado dela, um piloto foi desligado da empresa por n\u00e3o agir de acordo com normas de seguran\u00e7a.<\/p>\n","protected":false},"excerpt":{"rendered":"<p>Um piloto de avi\u00e3o foi demitido da companhia a\u00e9rea Ita Airways por dormir em pleno voo, deixando a aeronave ultrapassar aeroportos de desembarque, na It\u00e1lia. O outro piloto do voo, que vinha de Nova York com destino a Roma, estava &hellip; <a href=\"https:\/\/slz612.com.br\/index.php\/2022\/06\/02\/piloto-dorme-durante-voo-internacional-e-veja-o-que-aconteceu\/\">Continue lendo <span class=\"meta-nav\">&rarr;<\/span><\/a><\/p>\n","protected":false},"author":1,"featured_media":0,"comment_status":"open","ping_status":"open","sticky":false,"template":"","format":"standard","meta":[],"categories":[1],"tags":[],"_links":{"self":[{"href":"https:\/\/slz612.com.br\/index.php\/wp-json\/wp\/v2\/posts\/2052"}],"collection":[{"href":"https:\/\/slz612.com.br\/index.php\/wp-json\/wp\/v2\/posts"}],"about":[{"href":"https:\/\/slz612.com.br\/index.php\/wp-json\/wp\/v2\/types\/post"}],"author":[{"embeddable":true,"href":"https:\/\/slz612.com.br\/index.php\/wp-json\/wp\/v2\/users\/1"}],"replies":[{"embeddable":true,"href":"https:\/\/slz612.com.br\/index.php\/wp-json\/wp\/v2\/comments?post=2052"}],"version-history":[{"count":1,"href":"https:\/\/slz612.com.br\/index.php\/wp-json\/wp\/v2\/posts\/2052\/revisions"}],"predecessor-version":[{"id":2054,"href":"https:\/\/slz612.com.br\/index.php\/wp-json\/wp\/v2\/posts\/2052\/revisions\/2054"}],"wp:attachment":[{"href":"https:\/\/slz612.com.br\/index.php\/wp-json\/wp\/v2\/media?parent=2052"}],"wp:term":[{"taxonomy":"category","embeddable":true,"href":"https:\/\/slz612.com.br\/index.php\/wp-json\/wp\/v2\/categories?post=2052"},{"taxonomy":"post_tag","embeddable":true,"href":"https:\/\/slz612.com.br\/index.php\/wp-json\/wp\/v2\/tags?post=2052"}],"curies":[{"name":"wp","href":"https:\/\/api.w.org\/{rel}","templated":true}]}}