{"id":1927,"date":"2021-09-29T11:43:23","date_gmt":"2021-09-29T14:43:23","guid":{"rendered":"https:\/\/slz612.com.br\/?p=1927"},"modified":"2021-09-29T11:44:42","modified_gmt":"2021-09-29T14:44:42","slug":"quanto-ganhou-suzane-von-richthofen-pelo-filme-do-crime","status":"publish","type":"post","link":"https:\/\/slz612.com.br\/index.php\/2021\/09\/29\/quanto-ganhou-suzane-von-richthofen-pelo-filme-do-crime\/","title":{"rendered":"Quanto ganhou Suzane Von Richthofen pelo filme do crime ?"},"content":{"rendered":"<div id=\"attachment_1928\" style=\"width: 920px\" class=\"wp-caption aligncenter\"><img aria-describedby=\"caption-attachment-1928\" loading=\"lazy\" class=\"size-full wp-image-1928\" src=\"https:\/\/slz612.com.br\/wp-content\/uploads\/2021\/09\/richtofen-910x512-1.jpg\" alt=\"\" width=\"910\" height=\"512\" srcset=\"https:\/\/slz612.com.br\/wp-content\/uploads\/2021\/09\/richtofen-910x512-1.jpg 910w, https:\/\/slz612.com.br\/wp-content\/uploads\/2021\/09\/richtofen-910x512-1-300x169.jpg 300w, https:\/\/slz612.com.br\/wp-content\/uploads\/2021\/09\/richtofen-910x512-1-768x432.jpg 768w, https:\/\/slz612.com.br\/wp-content\/uploads\/2021\/09\/richtofen-910x512-1-500x281.jpg 500w\" sizes=\"(max-width: 910px) 100vw, 910px\" \/><p id=\"caption-attachment-1928\" class=\"wp-caption-text\">Irm\u00e3os Cravinhos e Suzane ao serem presos pelo crime<\/p><\/div>\n<p>Os filmes \u201cA Menina que Matou os Pais\u201d e \u201cO Menino que Matou Meus Pais\u201d, obras cinematogr\u00e1ficas que retratam os\u00a0<a href=\"https:\/\/catracalivre.com.br\/cidadania\/como-estao-suzane-von-richthofen-irmaos-cravinhos\/\" target=\"_blank\" rel=\"noopener noreferrer\" data-gtm-event-category=\"catraca-livre:conteudo\" data-gtm-event-action=\"clique:link:crimes-notorios\" data-gtm-event-label=\"https:\/\/catracalivre.com.br\/cidadania\/como-estao-suzane-von-richthofen-irmaos-cravinhos\/\">crimes not\u00f3rios<\/a>\u00a0de Suzane Von Richthofen e dos irm\u00e3os Cravinhos, estrearam na \u00faltima sexta-feira, 24, e levantaram diversas d\u00favidas nas redes sociais.<\/p>\n<p>Al\u00e9m das insinua\u00e7\u00f5es de que os longas romantizavam os assassinatos, houve quem suspeitasse que Richthofen receberia da Amazon, gigante do varejo e do entretenimento, uma bolada em direitos pela hist\u00f3ria.<\/p>\n<p>Ela e os Cravinhos recebem R$ 0 (zero) pelos filmes, e existe um motivo para isso. O crime, ocorrido no Halloween de 2002, foi bem documentado na \u00e9poca pela imprensa e pela pol\u00edcia. O julgamento e a investiga\u00e7\u00e3o do caso s\u00e3o p\u00fablicos.<\/p>\n<p>Uma obra inspirada nos autos de um processo que n\u00e3o est\u00e1 em segredo de justi\u00e7a n\u00e3o precisa pagar royalties aos envolvidos.<\/p>\n<p>Somado a isso, nenhum dos condenados participou dos filmes, portanto tamb\u00e9m n\u00e3o recebem sal\u00e1rio ou qualquer outro tipo de bonifica\u00e7\u00e3o financeira.<\/p>\n<p>Pelo contr\u00e1rio, Richthofen, que cumpre a pena em regime semiaberto, tentou impedir judicialmente que os filmes fossem lan\u00e7ados.<\/p>\n<p>\u201cA Menina que Matou os Pais\u201d e \u201cO Menino que Matou Meus Pais\u201d sa\u00edram do papel com investimento privado, sem recursos do governo.<\/p>\n<p>Em tempo: os longas, dirigidos por Mauricio E\u00e7a, foram produzidos pela Santa Rita, Galeria Distribuidora e Grupo Telefilms. A transmiss\u00e3o internacional \u00e9 feita pela Amazon Prime Video.<\/p>\n","protected":false},"excerpt":{"rendered":"<p>Os filmes \u201cA Menina que Matou os Pais\u201d e \u201cO Menino que Matou Meus Pais\u201d, obras cinematogr\u00e1ficas que retratam os\u00a0crimes not\u00f3rios\u00a0de Suzane Von Richthofen e dos irm\u00e3os Cravinhos, estrearam na \u00faltima sexta-feira, 24, e levantaram diversas d\u00favidas nas redes sociais. &hellip; <a href=\"https:\/\/slz612.com.br\/index.php\/2021\/09\/29\/quanto-ganhou-suzane-von-richthofen-pelo-filme-do-crime\/\">Continue lendo <span class=\"meta-nav\">&rarr;<\/span><\/a><\/p>\n","protected":false},"author":1,"featured_media":0,"comment_status":"open","ping_status":"open","sticky":false,"template":"","format":"standard","meta":[],"categories":[1],"tags":[],"_links":{"self":[{"href":"https:\/\/slz612.com.br\/index.php\/wp-json\/wp\/v2\/posts\/1927"}],"collection":[{"href":"https:\/\/slz612.com.br\/index.php\/wp-json\/wp\/v2\/posts"}],"about":[{"href":"https:\/\/slz612.com.br\/index.php\/wp-json\/wp\/v2\/types\/post"}],"author":[{"embeddable":true,"href":"https:\/\/slz612.com.br\/index.php\/wp-json\/wp\/v2\/users\/1"}],"replies":[{"embeddable":true,"href":"https:\/\/slz612.com.br\/index.php\/wp-json\/wp\/v2\/comments?post=1927"}],"version-history":[{"count":2,"href":"https:\/\/slz612.com.br\/index.php\/wp-json\/wp\/v2\/posts\/1927\/revisions"}],"predecessor-version":[{"id":1930,"href":"https:\/\/slz612.com.br\/index.php\/wp-json\/wp\/v2\/posts\/1927\/revisions\/1930"}],"wp:attachment":[{"href":"https:\/\/slz612.com.br\/index.php\/wp-json\/wp\/v2\/media?parent=1927"}],"wp:term":[{"taxonomy":"category","embeddable":true,"href":"https:\/\/slz612.com.br\/index.php\/wp-json\/wp\/v2\/categories?post=1927"},{"taxonomy":"post_tag","embeddable":true,"href":"https:\/\/slz612.com.br\/index.php\/wp-json\/wp\/v2\/tags?post=1927"}],"curies":[{"name":"wp","href":"https:\/\/api.w.org\/{rel}","templated":true}]}}