{"id":1922,"date":"2021-09-21T09:00:41","date_gmt":"2021-09-21T12:00:41","guid":{"rendered":"https:\/\/slz612.com.br\/?p=1922"},"modified":"2021-09-21T09:00:41","modified_gmt":"2021-09-21T12:00:41","slug":"prefeitura-vai-monitorar-patrimonio-de-funcionarios-publicos","status":"publish","type":"post","link":"https:\/\/slz612.com.br\/index.php\/2021\/09\/21\/prefeitura-vai-monitorar-patrimonio-de-funcionarios-publicos\/","title":{"rendered":"Prefeitura vai monitorar patrim\u00f4nio de funcion\u00e1rios p\u00fablicos"},"content":{"rendered":"<div id=\"attachment_1923\" style=\"width: 810px\" class=\"wp-caption aligncenter\"><img aria-describedby=\"caption-attachment-1923\" loading=\"lazy\" class=\"size-full wp-image-1923\" src=\"https:\/\/slz612.com.br\/wp-content\/uploads\/2021\/09\/transparencia.jpg\" alt=\"\" width=\"800\" height=\"604\" srcset=\"https:\/\/slz612.com.br\/wp-content\/uploads\/2021\/09\/transparencia.jpg 800w, https:\/\/slz612.com.br\/wp-content\/uploads\/2021\/09\/transparencia-300x227.jpg 300w, https:\/\/slz612.com.br\/wp-content\/uploads\/2021\/09\/transparencia-768x580.jpg 768w, https:\/\/slz612.com.br\/wp-content\/uploads\/2021\/09\/transparencia-397x300.jpg 397w\" sizes=\"(max-width: 800px) 100vw, 800px\" \/><p id=\"caption-attachment-1923\" class=\"wp-caption-text\">Ser\u00e1 firmada parceria da Secretaria de Governo e Integridade P\u00fablica com a Controladoria Geral do Munic\u00edpio de S\u00e3o Paulo<\/p><\/div>\n<p>Os bens dos agentes p\u00fablicos do munic\u00edpio, sejam eles comissionados ou efetivos, passar\u00e3o a ser monitorados. A medida, segundo o secret\u00e1rio de Governo e Integridade P\u00fablica do Rio, Marcelo Calero, ser\u00e1 implementada at\u00e9 o fim do ano. Depois do pacote de a\u00e7\u00f5es de integridade p\u00fablica \u2014 quatro decretos do prefeito Eduardo Paes, publicados nesta segunda-feira no Di\u00e1rio Oficial \u2014, esta ser\u00e1 a pr\u00f3xima iniciativa do Programa Carioca de Integridade e Transpar\u00eancia (Rio Integridade), criado pela prefeitura em janeiro.<\/p>\n<p>&#8220;Vamos ter um sistema de monitoramento do patrim\u00f4nio dos agentes p\u00fablicos. Assim, teremos mais uma forma de a gente monitorar os agentes p\u00fablicos&#8221;, diz Calero.<\/p>\n<p>Para levar adiante \u00e0 ideia, ser\u00e1 firmada uma parceria da Secretaria de Governo e Integridade P\u00fablica com a Controladoria Geral do Munic\u00edpio de S\u00e3o Paulo. Na capital paulista, j\u00e1 funciona o Sistema de Registro de Bens dos Agentes P\u00fablicos (Sispatri), que dever\u00e1 ser reproduzido no Rio.<\/p>\n<p>&#8220;Por meio desse sistema, facilitaremos aos agentes p\u00fablicos o cumprimento da obrigatoriedade prevista na Lei Federal 8.429, de 1992, de apresenta\u00e7\u00e3o da declara\u00e7\u00e3o de bens e valores que comp\u00f5em o seu patrim\u00f4nio. Ser\u00e1 um importante mecanismo de an\u00e1lise de evolu\u00e7\u00e3o patrimonial dos colaboradores da prefeitura, auxiliando no monitoramento de eventuais desvios&#8221;, explica Calero.\u00a0 &#8220;Al\u00e9m de reduzirmos o fluxo de papel, tamb\u00e9m ser\u00e1 poss\u00edvel, com maior agilidade e seguran\u00e7a, promovermos monitoramentos preventivos quanto a eventuais sinais de enriquecimento il\u00edcito por parte desses agentes, adotando outras medidas de preven\u00e7\u00e3o conforme cada caso&#8221;, completou.<\/p>\n<h2>Testes simulados em servidores<\/h2>\n<p>Um dos decreto de Paes publicados nesta segunda-feira prev\u00ea a aplica\u00e7\u00e3o de testes simulados em comissionados e efetivos, diante de situa\u00e7\u00f5es concretas, para a avalia\u00e7\u00e3o do cumprimento de normas e princ\u00edpios \u00e9ticos. N\u00e3o haver\u00e3 puni\u00e7\u00f5es a partir de respostas, porque a legisla\u00e7\u00e3o n\u00e3o permite que a pessoa produza provas contra si mesma. Mas o teste servir\u00e1 para que a prefeitura possa fazer um gerenciamento de risco. Quem assumir um cargo em comiss\u00e3o, agora, ter\u00e1 tamb\u00e9m que preencher um Question\u00e1rio Eletr\u00f4nico de Integridade (QEI), que ser\u00e1 mais detalhado dependendo da fun\u00e7\u00e3o a ser exercita, embora todos tenham que informar seus bens.<\/p>\n<p>MAT\u00c9RIA COMPLETA EM extra.globo.com ou <a href=\"https:\/\/extra.globo.com\/noticias\/rio\/prefeitura-do-rio-comecara-monitorar-patrimonio-de-funcionarios-publicos-ate-fim-do-ano-25205700.html\">clique aqui<\/a><\/p>\n","protected":false},"excerpt":{"rendered":"<p>Os bens dos agentes p\u00fablicos do munic\u00edpio, sejam eles comissionados ou efetivos, passar\u00e3o a ser monitorados. A medida, segundo o secret\u00e1rio de Governo e Integridade P\u00fablica do Rio, Marcelo Calero, ser\u00e1 implementada at\u00e9 o fim do ano. Depois do pacote &hellip; <a href=\"https:\/\/slz612.com.br\/index.php\/2021\/09\/21\/prefeitura-vai-monitorar-patrimonio-de-funcionarios-publicos\/\">Continue lendo <span class=\"meta-nav\">&rarr;<\/span><\/a><\/p>\n","protected":false},"author":1,"featured_media":0,"comment_status":"open","ping_status":"open","sticky":false,"template":"","format":"standard","meta":[],"categories":[1],"tags":[],"_links":{"self":[{"href":"https:\/\/slz612.com.br\/index.php\/wp-json\/wp\/v2\/posts\/1922"}],"collection":[{"href":"https:\/\/slz612.com.br\/index.php\/wp-json\/wp\/v2\/posts"}],"about":[{"href":"https:\/\/slz612.com.br\/index.php\/wp-json\/wp\/v2\/types\/post"}],"author":[{"embeddable":true,"href":"https:\/\/slz612.com.br\/index.php\/wp-json\/wp\/v2\/users\/1"}],"replies":[{"embeddable":true,"href":"https:\/\/slz612.com.br\/index.php\/wp-json\/wp\/v2\/comments?post=1922"}],"version-history":[{"count":1,"href":"https:\/\/slz612.com.br\/index.php\/wp-json\/wp\/v2\/posts\/1922\/revisions"}],"predecessor-version":[{"id":1924,"href":"https:\/\/slz612.com.br\/index.php\/wp-json\/wp\/v2\/posts\/1922\/revisions\/1924"}],"wp:attachment":[{"href":"https:\/\/slz612.com.br\/index.php\/wp-json\/wp\/v2\/media?parent=1922"}],"wp:term":[{"taxonomy":"category","embeddable":true,"href":"https:\/\/slz612.com.br\/index.php\/wp-json\/wp\/v2\/categories?post=1922"},{"taxonomy":"post_tag","embeddable":true,"href":"https:\/\/slz612.com.br\/index.php\/wp-json\/wp\/v2\/tags?post=1922"}],"curies":[{"name":"wp","href":"https:\/\/api.w.org\/{rel}","templated":true}]}}