{"id":1892,"date":"2021-08-12T11:40:01","date_gmt":"2021-08-12T14:40:01","guid":{"rendered":"https:\/\/slz612.com.br\/?p=1892"},"modified":"2021-08-12T14:17:32","modified_gmt":"2021-08-12T17:17:32","slug":"morre-aos-85-anos-o-grandioso-ator-global-tarcisio-meira","status":"publish","type":"post","link":"https:\/\/slz612.com.br\/index.php\/2021\/08\/12\/morre-aos-85-anos-o-grandioso-ator-global-tarcisio-meira\/","title":{"rendered":"Morre, aos 85, anos o grandioso ator global Tarc\u00edsio Meira"},"content":{"rendered":"<div id=\"attachment_1893\" style=\"width: 1210px\" class=\"wp-caption aligncenter\"><img aria-describedby=\"caption-attachment-1893\" loading=\"lazy\" class=\"size-full wp-image-1893\" src=\"https:\/\/slz612.com.br\/wp-content\/uploads\/2021\/08\/Tarcisio-meira-estudio-da-globo.jpg\" alt=\"\" width=\"1200\" height=\"800\" srcset=\"https:\/\/slz612.com.br\/wp-content\/uploads\/2021\/08\/Tarcisio-meira-estudio-da-globo.jpg 1200w, https:\/\/slz612.com.br\/wp-content\/uploads\/2021\/08\/Tarcisio-meira-estudio-da-globo-300x200.jpg 300w, https:\/\/slz612.com.br\/wp-content\/uploads\/2021\/08\/Tarcisio-meira-estudio-da-globo-1024x683.jpg 1024w, https:\/\/slz612.com.br\/wp-content\/uploads\/2021\/08\/Tarcisio-meira-estudio-da-globo-768x512.jpg 768w, https:\/\/slz612.com.br\/wp-content\/uploads\/2021\/08\/Tarcisio-meira-estudio-da-globo-450x300.jpg 450w\" sizes=\"(max-width: 1200px) 100vw, 1200px\" \/><p id=\"caption-attachment-1893\" class=\"wp-caption-text\">Ator Tarc\u00edsio Meira estava internado h\u00e1 alguns dias e n\u00e3o resistiu<\/p><\/div>\n<p>Morreu nesta quinta-feira, 12, o ator Tarc\u00edsio Meira, aos 85 anos. Ele e a esposa, a atriz Gl\u00f3ria Menezes, de 86, foram internados no Hospital Albert Einstein, em S\u00e3o Paulo, diagnosticados com Covid-19. Gl\u00f3ria apresentou sintomas leves, enquanto o ator precisou ser intubado.<\/p>\n<p>Entre novelas, s\u00e9ries e teleteatros, Tarc\u00edsio carimbou seu nome em mais de 60 trabalhos. Entre os t\u00edtulos mais marcantes est\u00e3o\u00a0<i>Saramandaia<\/i>\u00a0(1976),\u00a0<i>Roque Santeiro<\/i>\u00a0(1985), Araponga (1990),\u00a0<i>Fera Ferida<\/i>\u00a0(1993),\u00a0<i>O Rei do Gado<\/i>\u00a0(1996),\u00a0<i>Hilda Furac\u00e3o<\/i>\u00a0(1998),\u00a0<i>O Beijo do Vampiro<\/i>\u00a0(2002),\u00a0<i>A Favorita<\/i>\u00a0(2008), e\u00a0<i>Velho Chico<\/i>\u00a0(2016). Seu \u00faltimo trabalho na TV foi a novela global\u00a0<i>Orgulho e Paix\u00e3o<\/i>\u00a0(2018), na pele de um industrial ingl\u00eas.<\/p>\n","protected":false},"excerpt":{"rendered":"<p>Morreu nesta quinta-feira, 12, o ator Tarc\u00edsio Meira, aos 85 anos. Ele e a esposa, a atriz Gl\u00f3ria Menezes, de 86, foram internados no Hospital Albert Einstein, em S\u00e3o Paulo, diagnosticados com Covid-19. Gl\u00f3ria apresentou sintomas leves, enquanto o ator &hellip; <a href=\"https:\/\/slz612.com.br\/index.php\/2021\/08\/12\/morre-aos-85-anos-o-grandioso-ator-global-tarcisio-meira\/\">Continue lendo <span class=\"meta-nav\">&rarr;<\/span><\/a><\/p>\n","protected":false},"author":1,"featured_media":0,"comment_status":"open","ping_status":"open","sticky":false,"template":"","format":"standard","meta":[],"categories":[7],"tags":[],"_links":{"self":[{"href":"https:\/\/slz612.com.br\/index.php\/wp-json\/wp\/v2\/posts\/1892"}],"collection":[{"href":"https:\/\/slz612.com.br\/index.php\/wp-json\/wp\/v2\/posts"}],"about":[{"href":"https:\/\/slz612.com.br\/index.php\/wp-json\/wp\/v2\/types\/post"}],"author":[{"embeddable":true,"href":"https:\/\/slz612.com.br\/index.php\/wp-json\/wp\/v2\/users\/1"}],"replies":[{"embeddable":true,"href":"https:\/\/slz612.com.br\/index.php\/wp-json\/wp\/v2\/comments?post=1892"}],"version-history":[{"count":4,"href":"https:\/\/slz612.com.br\/index.php\/wp-json\/wp\/v2\/posts\/1892\/revisions"}],"predecessor-version":[{"id":1897,"href":"https:\/\/slz612.com.br\/index.php\/wp-json\/wp\/v2\/posts\/1892\/revisions\/1897"}],"wp:attachment":[{"href":"https:\/\/slz612.com.br\/index.php\/wp-json\/wp\/v2\/media?parent=1892"}],"wp:term":[{"taxonomy":"category","embeddable":true,"href":"https:\/\/slz612.com.br\/index.php\/wp-json\/wp\/v2\/categories?post=1892"},{"taxonomy":"post_tag","embeddable":true,"href":"https:\/\/slz612.com.br\/index.php\/wp-json\/wp\/v2\/tags?post=1892"}],"curies":[{"name":"wp","href":"https:\/\/api.w.org\/{rel}","templated":true}]}}