{"id":1872,"date":"2021-07-24T08:09:58","date_gmt":"2021-07-24T11:09:58","guid":{"rendered":"https:\/\/slz612.com.br\/?p=1872"},"modified":"2021-07-23T10:15:01","modified_gmt":"2021-07-23T13:15:01","slug":"prefeito-anuncia-que-cidade-tera-festas-de-reveillon-e-carnaval","status":"publish","type":"post","link":"https:\/\/slz612.com.br\/index.php\/2021\/07\/24\/prefeito-anuncia-que-cidade-tera-festas-de-reveillon-e-carnaval\/","title":{"rendered":"Prefeito anuncia que cidade ter\u00e1 festas de R\u00e9veillon e Carnaval"},"content":{"rendered":"<div id=\"attachment_1873\" style=\"width: 810px\" class=\"wp-caption aligncenter\"><img aria-describedby=\"caption-attachment-1873\" loading=\"lazy\" class=\"size-full wp-image-1873\" src=\"https:\/\/slz612.com.br\/wp-content\/uploads\/2021\/07\/reiveillon-Rio.jpg\" alt=\"\" width=\"800\" height=\"537\" srcset=\"https:\/\/slz612.com.br\/wp-content\/uploads\/2021\/07\/reiveillon-Rio.jpg 800w, https:\/\/slz612.com.br\/wp-content\/uploads\/2021\/07\/reiveillon-Rio-300x201.jpg 300w, https:\/\/slz612.com.br\/wp-content\/uploads\/2021\/07\/reiveillon-Rio-768x516.jpg 768w, https:\/\/slz612.com.br\/wp-content\/uploads\/2021\/07\/reiveillon-Rio-447x300.jpg 447w\" sizes=\"(max-width: 800px) 100vw, 800px\" \/><p id=\"caption-attachment-1873\" class=\"wp-caption-text\">Reveillon nas Praias do Rio de Janeiro \u00e9 uma das maiores festas do Brasil<\/p><\/div>\n<p>O prefeito do Rio de Janeiro,\u00a0<a tabindex=\"0\" href=\"https:\/\/tudo-sobre.estadao.com.br\/eduardo-paes\" target=\"_blank\" rel=\"noopener noreferrer\" data-id=\"111\" data-m=\"{&quot;i&quot;:111,&quot;p&quot;:108,&quot;n&quot;:&quot;partnerLink&quot;,&quot;y&quot;:24,&quot;o&quot;:3}\"><strong>Eduardo Paes<\/strong><\/a>\u00a0(PSD-RJ), afirmou nesta quinta-feira (22) que, embora hoje a pandemia de covid-19 ainda n\u00e3o esteja sob controle, \u201ctranquilamente\u201d a cidade ter\u00e1 R\u00e9veillon e Carnaval no ano que vem. \u201cEu n\u00e3o tenho mais a menor d\u00favida, e venho repetindo isso\u201d, disse, em entrevista ao telejornal\u00a0<em>Bom Dia Rio<\/em>, da TV Globo.<\/p>\n<p>Paes prev\u00ea que a vacina\u00e7\u00e3o contra a covid-19 vai terminar em outubro. \u201cSe voc\u00ea termina ali para 15 de agosto a (aplica\u00e7\u00e3o da) primeira dose, (como) j\u00e1 est\u00e1 anunciado (pela prefeitura), voc\u00ea est\u00e1 terminando em outubro (a aplica\u00e7\u00e3o da segunda dose)\u201d, calculou o prefeito. Ele estima que, com a popula\u00e7\u00e3o maior de 18 anos vacinada, os eventos mais importantes do calend\u00e1rio tur\u00edstico da cidade poder\u00e3o ser realizados.<\/p>\n<p>Sobre o carnaval, a Liga Independente das Escolas de Samba (Liesa) anunciou nesta semana que iniciar\u00e1 em agosto a venda de ingressos para o desfile de 2022 \u2013 os camarotes ser\u00e3o os primeiros espa\u00e7os a serem oferecidos, e ainda n\u00e3o h\u00e1 data prevista para a comercializa\u00e7\u00e3o de ingressos para arquibancadas.<\/p>\n<p>\u201cEu quero anunciar uma data para dizer \u2018olha, vai acabar essa trag\u00e9dia que \u00e9 a pandemia, a gente vai voltar a viver com normalidade\u2019\u201d, disse o prefeito, que afirmou seguir as orienta\u00e7\u00f5es do secret\u00e1rio municipal de Sa\u00fade, Daniel Soranz. \u201cEu n\u00e3o entendo nada de v\u00edrus, quem me comanda \u00e9 o Daniel Soranz e o time t\u00e9cnico da prefeitura\u201d. Paes disse ainda que na pr\u00f3xima segunda-feira (26) pretende anunciar previs\u00e3o relativa ao \u201chorizonte\u201d em que a pandemia estar\u00e1 controlada no munic\u00edpio do Rio.<\/p>\n<p>O prefeito repetiu que, por enquanto, segue necess\u00e1rio usar m\u00e1scara, manter o distanciamento e tomar a vacina.<\/p>\n","protected":false},"excerpt":{"rendered":"<p>O prefeito do Rio de Janeiro,\u00a0Eduardo Paes\u00a0(PSD-RJ), afirmou nesta quinta-feira (22) que, embora hoje a pandemia de covid-19 ainda n\u00e3o esteja sob controle, \u201ctranquilamente\u201d a cidade ter\u00e1 R\u00e9veillon e Carnaval no ano que vem. \u201cEu n\u00e3o tenho mais a menor &hellip; <a href=\"https:\/\/slz612.com.br\/index.php\/2021\/07\/24\/prefeito-anuncia-que-cidade-tera-festas-de-reveillon-e-carnaval\/\">Continue lendo <span class=\"meta-nav\">&rarr;<\/span><\/a><\/p>\n","protected":false},"author":1,"featured_media":0,"comment_status":"open","ping_status":"open","sticky":false,"template":"","format":"standard","meta":[],"categories":[1],"tags":[],"_links":{"self":[{"href":"https:\/\/slz612.com.br\/index.php\/wp-json\/wp\/v2\/posts\/1872"}],"collection":[{"href":"https:\/\/slz612.com.br\/index.php\/wp-json\/wp\/v2\/posts"}],"about":[{"href":"https:\/\/slz612.com.br\/index.php\/wp-json\/wp\/v2\/types\/post"}],"author":[{"embeddable":true,"href":"https:\/\/slz612.com.br\/index.php\/wp-json\/wp\/v2\/users\/1"}],"replies":[{"embeddable":true,"href":"https:\/\/slz612.com.br\/index.php\/wp-json\/wp\/v2\/comments?post=1872"}],"version-history":[{"count":1,"href":"https:\/\/slz612.com.br\/index.php\/wp-json\/wp\/v2\/posts\/1872\/revisions"}],"predecessor-version":[{"id":1874,"href":"https:\/\/slz612.com.br\/index.php\/wp-json\/wp\/v2\/posts\/1872\/revisions\/1874"}],"wp:attachment":[{"href":"https:\/\/slz612.com.br\/index.php\/wp-json\/wp\/v2\/media?parent=1872"}],"wp:term":[{"taxonomy":"category","embeddable":true,"href":"https:\/\/slz612.com.br\/index.php\/wp-json\/wp\/v2\/categories?post=1872"},{"taxonomy":"post_tag","embeddable":true,"href":"https:\/\/slz612.com.br\/index.php\/wp-json\/wp\/v2\/tags?post=1872"}],"curies":[{"name":"wp","href":"https:\/\/api.w.org\/{rel}","templated":true}]}}