{"id":1781,"date":"2021-03-23T10:24:13","date_gmt":"2021-03-23T13:24:13","guid":{"rendered":"https:\/\/slz612.com.br\/?p=1781"},"modified":"2021-03-23T10:24:13","modified_gmt":"2021-03-23T13:24:13","slug":"cantor-famoso-perde-briga-na-justica-para-colegas-de-banda","status":"publish","type":"post","link":"https:\/\/slz612.com.br\/index.php\/2021\/03\/23\/cantor-famoso-perde-briga-na-justica-para-colegas-de-banda\/","title":{"rendered":"Cantor famoso perde briga na Justi\u00e7a para colegas de banda"},"content":{"rendered":"<div id=\"attachment_1782\" style=\"width: 460px\" class=\"wp-caption aligncenter\"><img aria-describedby=\"caption-attachment-1782\" loading=\"lazy\" class=\"size-full wp-image-1782\" src=\"https:\/\/slz612.com.br\/wp-content\/uploads\/2021\/03\/Paulo-Ricardo-2-450x300-1.jpg\" alt=\"\" width=\"450\" height=\"300\" srcset=\"https:\/\/slz612.com.br\/wp-content\/uploads\/2021\/03\/Paulo-Ricardo-2-450x300-1.jpg 450w, https:\/\/slz612.com.br\/wp-content\/uploads\/2021\/03\/Paulo-Ricardo-2-450x300-1-300x200.jpg 300w\" sizes=\"(max-width: 450px) 100vw, 450px\" \/><p id=\"caption-attachment-1782\" class=\"wp-caption-text\">Paulo Ricardo e o RPM fizeram muito sucesso no auge do Rock Nacional<\/p><\/div>\n<p>Justi\u00e7a de S\u00e3o Paulo proibiu o cantor Paulo Ricardo de usar a marca RPM bem como explorar comercialmente as principais m\u00fasicas da banda, a mais popular do rock nacional nos anos 1980. O vocalista foi condenado pela ju\u00edza Elaine Faria Evaristo, da 20\u00aa Vara C\u00edvel de S\u00e3o Paulo, em um processo movido em 2017 pelos demais integrantes do RPM (Luiz Schiavon, Fernando Deluqui e Paulo Pagni, que morreu em 2019). Paulo Ricardo vai recorrer da decis\u00e3o.<\/p>\n<p>Por conta da senten\u00e7a, o vocalista somente poder\u00e1 gravar ou se apresentar cantando cl\u00e1ssicos como &#8220;Louras Geladas&#8221;, &#8220;Olhar 43&#8221; e &#8220;R\u00e1dio Pirata&#8221; se houver a concord\u00e2ncia expressa do tecladista Schiavon, coautor das can\u00e7\u00f5es. O ponto central da disputa \u00e9 um contrato assinado em 2007 no qual os m\u00fasicos se comprometeram a n\u00e3o explorar individualmente o nome RPM. Paulo Ricardo ficou, ent\u00e3o, respons\u00e1vel por registrar a marca no Inpi (Instituto Nacional de Propriedade Industrial) como propriedade dos quatro. Mas, segundo os demais m\u00fasicos, que o acusam de deslealdade e m\u00e1-f\u00e9, ele o fez apenas em seu pr\u00f3prio nome.<\/p>\n<h1>BENS BLOQUEADOS<\/h1>\n<p>Paulo Ricardo deve penhorar R$ 390 mil em direitos autorais para pagar um processo aberto pelo tecladista Jo\u00e3o Eug\u00eanio. A briga come\u00e7ou h\u00e1 10 anos quando o m\u00fasico processou a empresa de Paulo Ricardo exigindo que os servi\u00e7os prestados para a banda fossem reconhecidos com base no regime CLT.<\/p>\n<div class=\"texto\">Tr\u00eas anos depois, segundo a colunista F\u00e1bia Oliveira, a Justi\u00e7a considerou que a rela\u00e7\u00e3o entre o tecladista e Paulo Ricardo caracterizava um v\u00ednculo trabalhista e determinou uma multa de R$50 mil. A defesa do cantor recorreu da senten\u00e7a, mas, em 2016, o tecladista ganhou a a\u00e7\u00e3o em\u00a0<a class=\"st_tag internal_tag\" href=\"https:\/\/www.midiamax.com.br\/amp\/tag\/segunda-instancia\" target=\"_top\" rel=\"noopener noreferrer\">segunda inst\u00e2ncia<\/a>. Em junho do ano passado, o tecladista e o cantor participaram de uma audi\u00eancia de acordo, mas e<a class=\"st_tag internal_tag\" href=\"https:\/\/www.midiamax.com.br\/amp\/tag\/le\" target=\"_top\" rel=\"noopener noreferrer\">le<\/a>s n\u00e3o se acertaram. Desde ent\u00e3o, o valor devido por Paulo Ricardo ao tecladista foi corrigido e chega, atualmente, \u00e0 quantia de R$ 390 mil.<\/div>\n<div><\/div>\n<div>De acordo com o site UOL, o processo foi movido contra a empresa de Paulo Ricardo. Ao longo da a\u00e7\u00e3o, n\u00e3o foram encontrados ativos em nome da empresa para quitar o d\u00e9bito. A Justi\u00e7a autorizou a\u00a0<a class=\"st_tag internal_tag\" href=\"https:\/\/www.midiamax.com.br\/amp\/tag\/des\" target=\"_top\" rel=\"noopener noreferrer\">des<\/a>considera\u00e7\u00e3o da personalidade jur\u00eddica, intimando Paulo Ricardo, como pessoa f\u00edsica, a assumir a d\u00edvida.<\/div>\n<p>Veja mat\u00e9ria completa <a href=\"https:\/\/noticias.uol.com.br\/colunas\/rogerio-gentile\/2021\/03\/22\/paulo-ricardo-e-condenado-e-nao-pode-mais-cantar-classicos-do-rpm.htm?utm_source=instagram&amp;utm_medium=social-media&amp;utm_campaign=uol&amp;utm_content=stories\">clicando aqui<\/a><\/p>\n<p>&nbsp;<\/p>\n","protected":false},"excerpt":{"rendered":"<p>Justi\u00e7a de S\u00e3o Paulo proibiu o cantor Paulo Ricardo de usar a marca RPM bem como explorar comercialmente as principais m\u00fasicas da banda, a mais popular do rock nacional nos anos 1980. O vocalista foi condenado pela ju\u00edza Elaine Faria &hellip; <a href=\"https:\/\/slz612.com.br\/index.php\/2021\/03\/23\/cantor-famoso-perde-briga-na-justica-para-colegas-de-banda\/\">Continue lendo <span class=\"meta-nav\">&rarr;<\/span><\/a><\/p>\n","protected":false},"author":1,"featured_media":0,"comment_status":"open","ping_status":"open","sticky":false,"template":"","format":"standard","meta":[],"categories":[1],"tags":[],"_links":{"self":[{"href":"https:\/\/slz612.com.br\/index.php\/wp-json\/wp\/v2\/posts\/1781"}],"collection":[{"href":"https:\/\/slz612.com.br\/index.php\/wp-json\/wp\/v2\/posts"}],"about":[{"href":"https:\/\/slz612.com.br\/index.php\/wp-json\/wp\/v2\/types\/post"}],"author":[{"embeddable":true,"href":"https:\/\/slz612.com.br\/index.php\/wp-json\/wp\/v2\/users\/1"}],"replies":[{"embeddable":true,"href":"https:\/\/slz612.com.br\/index.php\/wp-json\/wp\/v2\/comments?post=1781"}],"version-history":[{"count":1,"href":"https:\/\/slz612.com.br\/index.php\/wp-json\/wp\/v2\/posts\/1781\/revisions"}],"predecessor-version":[{"id":1783,"href":"https:\/\/slz612.com.br\/index.php\/wp-json\/wp\/v2\/posts\/1781\/revisions\/1783"}],"wp:attachment":[{"href":"https:\/\/slz612.com.br\/index.php\/wp-json\/wp\/v2\/media?parent=1781"}],"wp:term":[{"taxonomy":"category","embeddable":true,"href":"https:\/\/slz612.com.br\/index.php\/wp-json\/wp\/v2\/categories?post=1781"},{"taxonomy":"post_tag","embeddable":true,"href":"https:\/\/slz612.com.br\/index.php\/wp-json\/wp\/v2\/tags?post=1781"}],"curies":[{"name":"wp","href":"https:\/\/api.w.org\/{rel}","templated":true}]}}