{"id":1600,"date":"2020-12-31T11:35:37","date_gmt":"2020-12-31T14:35:37","guid":{"rendered":"https:\/\/slz612.com.br\/?p=1600"},"modified":"2020-12-31T11:37:48","modified_gmt":"2020-12-31T14:37:48","slug":"braide-anuncia-secretarios-de-saude-esporte-e-cultura","status":"publish","type":"post","link":"https:\/\/slz612.com.br\/index.php\/2020\/12\/31\/braide-anuncia-secretarios-de-saude-esporte-e-cultura\/","title":{"rendered":"Braide anuncia secret\u00e1rios de Sa\u00fade, Esporte e Cultura"},"content":{"rendered":"<p><img loading=\"lazy\" class=\"size-full wp-image-1604\" src=\"https:\/\/slz612.com.br\/wp-content\/uploads\/2020\/12\/braide.jpg\" alt=\"\" width=\"567\" height=\"326\" srcset=\"https:\/\/slz612.com.br\/wp-content\/uploads\/2020\/12\/braide.jpg 567w, https:\/\/slz612.com.br\/wp-content\/uploads\/2020\/12\/braide-300x172.jpg 300w, https:\/\/slz612.com.br\/wp-content\/uploads\/2020\/12\/braide-500x287.jpg 500w\" sizes=\"(max-width: 567px) 100vw, 567px\" \/><\/p>\n<p>O prefeito eleito Eduardo Braide anunciou mais nomes que ir\u00e3o compor a sua equipe. Segundo o <a href=\"https:\/\/johncutrim.com.br\/braide-anucia-secretarios-da-saude-cultura-e-esporte\/\">blog do John Cutrim<\/a>, o \u00a0m\u00e9dico Joel Nunes J\u00fanior ser\u00e1 o titular da Secretaria de Sa\u00fade (SEMUS). M\u00e9dico. Cardiologista. Integrou o Comit\u00ea de Enfrentamento do novo coronav\u00edrus do Hospital Universit\u00e1rio Presidente Dutra (HUUFMA) e coordenou a Resid\u00eancia de Cl\u00ednica M\u00e9dica do hospital. Conselheiro titular do Conselho Regional de Medicina do Maranh\u00e3o (CRMMA).<\/p>\n<div id=\"attachment_1601\" style=\"width: 650px\" class=\"wp-caption aligncenter\"><img aria-describedby=\"caption-attachment-1601\" loading=\"lazy\" class=\"wp-image-1601 size-full\" src=\"https:\/\/slz612.com.br\/wp-content\/uploads\/2020\/12\/joeljunior.jpg\" alt=\"\" width=\"640\" height=\"640\" srcset=\"https:\/\/slz612.com.br\/wp-content\/uploads\/2020\/12\/joeljunior.jpg 640w, https:\/\/slz612.com.br\/wp-content\/uploads\/2020\/12\/joeljunior-300x300.jpg 300w, https:\/\/slz612.com.br\/wp-content\/uploads\/2020\/12\/joeljunior-150x150.jpg 150w\" sizes=\"(max-width: 640px) 100vw, 640px\" \/><p id=\"caption-attachment-1601\" class=\"wp-caption-text\">Joel Nunes ser\u00e1 o secret\u00e1rio de Saude<\/p><\/div>\n<p>O professor, e administrador Ricardo Diniz assumir\u00e1 a Secretaria Municipal de Desportos e Lazer (SEMDEL). Administrador. P\u00f3s-graduado em Planejamento Estrat\u00e9gico e Administra\u00e7\u00e3o P\u00fablica. Professor universit\u00e1rio.<\/p>\n<div id=\"attachment_1602\" style=\"width: 1034px\" class=\"wp-caption aligncenter\"><img aria-describedby=\"caption-attachment-1602\" loading=\"lazy\" class=\"size-full wp-image-1602\" src=\"https:\/\/slz612.com.br\/wp-content\/uploads\/2020\/12\/ricardo-diniz.jpeg.jpg\" alt=\"\" width=\"1024\" height=\"682\" srcset=\"https:\/\/slz612.com.br\/wp-content\/uploads\/2020\/12\/ricardo-diniz.jpeg.jpg 1024w, https:\/\/slz612.com.br\/wp-content\/uploads\/2020\/12\/ricardo-diniz.jpeg-300x200.jpg 300w, https:\/\/slz612.com.br\/wp-content\/uploads\/2020\/12\/ricardo-diniz.jpeg-768x512.jpg 768w, https:\/\/slz612.com.br\/wp-content\/uploads\/2020\/12\/ricardo-diniz.jpeg-450x300.jpg 450w\" sizes=\"(max-width: 1024px) 100vw, 1024px\" \/><p id=\"caption-attachment-1602\" class=\"wp-caption-text\">Ricardo Diniz comandar\u00e1 a pasta do Esporte<\/p><\/div>\n<p>O cantor e compositor Marco Duailibe ser\u00e1 o secret\u00e1rio de Cultura (SECULT). Bacharel em letras. Radialista com especializa\u00e7\u00e3o em Comunica\u00e7\u00e3o e Marketing. Agente cultural. Cantor e compositor. H\u00e1 38 anos colabora em todos os segmentos da cultura popular do Maranh\u00e3o.<\/p>\n<div id=\"attachment_1603\" style=\"width: 741px\" class=\"wp-caption aligncenter\"><img aria-describedby=\"caption-attachment-1603\" loading=\"lazy\" class=\"size-full wp-image-1603\" src=\"https:\/\/slz612.com.br\/wp-content\/uploads\/2020\/12\/images.jpeg.jpg\" alt=\"\" width=\"731\" height=\"419\" srcset=\"https:\/\/slz612.com.br\/wp-content\/uploads\/2020\/12\/images.jpeg.jpg 731w, https:\/\/slz612.com.br\/wp-content\/uploads\/2020\/12\/images.jpeg-300x172.jpg 300w, https:\/\/slz612.com.br\/wp-content\/uploads\/2020\/12\/images.jpeg-500x287.jpg 500w\" sizes=\"(max-width: 731px) 100vw, 731px\" \/><p id=\"caption-attachment-1603\" class=\"wp-caption-text\">Marquinhos Duailibe comandar\u00e1 a pasta da Cultura<\/p><\/div>\n<p>&nbsp;<\/p>\n","protected":false},"excerpt":{"rendered":"<p>O prefeito eleito Eduardo Braide anunciou mais nomes que ir\u00e3o compor a sua equipe. Segundo o blog do John Cutrim, o \u00a0m\u00e9dico Joel Nunes J\u00fanior ser\u00e1 o titular da Secretaria de Sa\u00fade (SEMUS). M\u00e9dico. Cardiologista. Integrou o Comit\u00ea de Enfrentamento &hellip; <a href=\"https:\/\/slz612.com.br\/index.php\/2020\/12\/31\/braide-anuncia-secretarios-de-saude-esporte-e-cultura\/\">Continue lendo <span class=\"meta-nav\">&rarr;<\/span><\/a><\/p>\n","protected":false},"author":1,"featured_media":0,"comment_status":"open","ping_status":"open","sticky":false,"template":"","format":"standard","meta":[],"categories":[1],"tags":[],"_links":{"self":[{"href":"https:\/\/slz612.com.br\/index.php\/wp-json\/wp\/v2\/posts\/1600"}],"collection":[{"href":"https:\/\/slz612.com.br\/index.php\/wp-json\/wp\/v2\/posts"}],"about":[{"href":"https:\/\/slz612.com.br\/index.php\/wp-json\/wp\/v2\/types\/post"}],"author":[{"embeddable":true,"href":"https:\/\/slz612.com.br\/index.php\/wp-json\/wp\/v2\/users\/1"}],"replies":[{"embeddable":true,"href":"https:\/\/slz612.com.br\/index.php\/wp-json\/wp\/v2\/comments?post=1600"}],"version-history":[{"count":2,"href":"https:\/\/slz612.com.br\/index.php\/wp-json\/wp\/v2\/posts\/1600\/revisions"}],"predecessor-version":[{"id":1606,"href":"https:\/\/slz612.com.br\/index.php\/wp-json\/wp\/v2\/posts\/1600\/revisions\/1606"}],"wp:attachment":[{"href":"https:\/\/slz612.com.br\/index.php\/wp-json\/wp\/v2\/media?parent=1600"}],"wp:term":[{"taxonomy":"category","embeddable":true,"href":"https:\/\/slz612.com.br\/index.php\/wp-json\/wp\/v2\/categories?post=1600"},{"taxonomy":"post_tag","embeddable":true,"href":"https:\/\/slz612.com.br\/index.php\/wp-json\/wp\/v2\/tags?post=1600"}],"curies":[{"name":"wp","href":"https:\/\/api.w.org\/{rel}","templated":true}]}}