{"id":1357,"date":"2020-09-18T08:56:33","date_gmt":"2020-09-18T11:56:33","guid":{"rendered":"https:\/\/slz612.com.br\/?p=1357"},"modified":"2020-09-18T08:56:33","modified_gmt":"2020-09-18T11:56:33","slug":"queridinha-da-internet-e-processada-por-racismo-mas-nega","status":"publish","type":"post","link":"https:\/\/slz612.com.br\/index.php\/2020\/09\/18\/queridinha-da-internet-e-processada-por-racismo-mas-nega\/","title":{"rendered":"Queridinha da internet \u00e9 processada por racismo, mas nega"},"content":{"rendered":"<div id=\"attachment_1358\" style=\"width: 2570px\" class=\"wp-caption aligncenter\"><img aria-describedby=\"caption-attachment-1358\" loading=\"lazy\" class=\"size-full wp-image-1358\" src=\"https:\/\/slz612.com.br\/wp-content\/uploads\/2020\/09\/luiza-sonza-scaled.jpg\" alt=\"\" width=\"2560\" height=\"1707\" srcset=\"https:\/\/slz612.com.br\/wp-content\/uploads\/2020\/09\/luiza-sonza-scaled.jpg 2560w, https:\/\/slz612.com.br\/wp-content\/uploads\/2020\/09\/luiza-sonza-300x200.jpg 300w, https:\/\/slz612.com.br\/wp-content\/uploads\/2020\/09\/luiza-sonza-1024x683.jpg 1024w, https:\/\/slz612.com.br\/wp-content\/uploads\/2020\/09\/luiza-sonza-768x512.jpg 768w, https:\/\/slz612.com.br\/wp-content\/uploads\/2020\/09\/luiza-sonza-1536x1024.jpg 1536w, https:\/\/slz612.com.br\/wp-content\/uploads\/2020\/09\/luiza-sonza-2048x1365.jpg 2048w, https:\/\/slz612.com.br\/wp-content\/uploads\/2020\/09\/luiza-sonza-450x300.jpg 450w\" sizes=\"(max-width: 2560px) 100vw, 2560px\" \/><p id=\"caption-attachment-1358\" class=\"wp-caption-text\">Cantora Lu\u00edsa Sonza \u00e9 processada por racismo, mas nega a acusa\u00e7\u00e3o<\/p><\/div>\n<p><a href=\"https:\/\/catracalivre.com.br\/entretenimento\/luisa-sonza-diz-que-vitao-nao-comentou-em-foto-sua-com-whindersson\/\" data-gtm-event-category=\"catraca-livre:conteudo\" data-gtm-event-action=\"clique:link:luisa-sonza\" data-gtm-event-label=\"https:\/\/catracalivre.com.br\/entretenimento\/luisa-sonza-diz-que-vitao-nao-comentou-em-foto-sua-com-whindersson\/\">Lu\u00edsa Sonza<\/a>\u00a0est\u00e1 sendo processada por ato de\u00a0<a href=\"https:\/\/catracalivre.com.br\/cidadania\/racismo-como-denunciar\/\" target=\"_blank\" rel=\"noopener noreferrer\" data-gtm-event-category=\"catraca-livre:conteudo\" data-gtm-event-action=\"clique:link:racismo\" data-gtm-event-label=\"https:\/\/catracalivre.com.br\/cidadania\/racismo-como-denunciar\/\">racismo<\/a>, e rebateu as acusa\u00e7\u00f5es em seu perfil no\u00a0<a href=\"https:\/\/twitter.com\/luisasonza\" target=\"_blank\" rel=\"noopener noreferrer\" data-gtm-event-category=\"catraca-livre:conteudo\" data-gtm-event-action=\"clique:link:twitter\" data-gtm-event-label=\"https:\/\/twitter.com\/luisasonza\">Twitter<\/a>, na quinta-feira, 17. Segundo a advogada Isabel Macedo de Jesus, a cantora cometeu o crime, em setembro de 2018, durante um festival gastron\u00f4mico em Fernando de Noronha, na Pousada Z\u00e9 Maria. A informa\u00e7\u00e3o foi obtida primeiro pelo Canal em off.<\/p>\n<p>De acordo com o processo, Lu\u00edsa Sonza teria agredido a advogada com um tapa e ordenado que ela lhe servisse \u00e1gua. Por\u00e9m, Isabel n\u00e3o era funcion\u00e1ria do estabelecimento.\u00a0O processo est\u00e1 no Tribunal de Justi\u00e7a do Rio de Janeiro, na 19\u00aa vara c\u00edvel, e a autora pede uma indeniza\u00e7\u00e3o por danos morais tanto de Lu\u00edsa Sonza quanto da Pousada.<\/p>\n<p>\u201cOcorre que, durante o festival, houve uma apresenta\u00e7\u00e3o musical da Primeira R\u00e9 (Lu\u00edsa Sonza), estando a a autora (Isabel) em uma mesa pr\u00f3xima ao palco onde a artista se apresentava. Todavia, ao passar pela cantora, enquanto se dirigia ao banheiro, a Autora foi agredida com um tapa no bra\u00e7o pela Primeira R\u00e9 e ordenada em tom r\u00edspido a providenciar um copo d\u2019\u00e1gua\u201d, afirma trecho do processo.<\/p>\n<p>De acordo com o texto do processo, \u201csem entender o que estava acontecendo, a Autora ainda pediu que a Primeira R\u00e9 repetisse, pois n\u00e3o havia compreendido a abordagem. Foi quando a artista, novamente, no mesmo tom r\u00edspido, ordenou que a Audora buscasse um copo de \u00e1gua, pois ela estava com sede. Estarrecida, a Autora ainda se deu o trabalho de lhe explicar que era uma cliente do estabelecimento e n\u00e3o funcion\u00e1ria do local, como se n\u00e3o fosse cr\u00edvel que uma mulher negra pudesse estar naquele restaurante na qualidade de cliente\u201d.<\/p>\n<p>Todos os funcion\u00e1rios da pousada estariam uniformizados e por isso, Isabel, voltou a questionar Lu\u00edsa Sonza, segundo a acusa\u00e7\u00e3o de racismo.<\/p>\n<p>\u201cAo ser indagada por qual motivo acreditou que a autora fosse funcion\u00e1ria do local, uma vez que todos os funcion\u00e1rios estavam uniformizados, a Primeira R\u00e9 (Lu\u00edsa Sonza) se esquivou, n\u00e3o deixando d\u00favidas que sabia que havia feito um julgamento preconceituoso em raz\u00e3o dos tra\u00e7os raciais da Autora\u201d.\u00a0Lu\u00edsa Sonza teria ficado surpresa que Isabel n\u00e3o era funcion\u00e1ria do local.<\/p>\n<p>Pelo Twitter, a cantora se defendeu das acusa\u00e7\u00f5es. \u201cGente, tudo isso \u00e9 MENTIRA! N\u00e3o acreditem nisso! Eu jamais teria esse tipo de atitude. Voc\u00eas me conhecem bem, sabem qual \u00e9 meu car\u00e1ter, minha \u00edndole. Eu jamais ofenderia outra pessoa por conta da cor de sua pele. Jamais! Essa acusa\u00e7\u00e3o \u00e9 absurda, escreveu.<\/p>\n<h1>ASSESSORIA DA CANTORA NEGA<\/h1>\n<p>A assessoria de imprensa de Lu\u00edsa Sonza emitiu uma nota e afirmou que as afirma\u00e7\u00f5es s\u00e3o falsas. \u201cA assessoria jur\u00eddica da artista Lu\u00edsa Sonza, atrav\u00e9s do seu advogado Jos\u00e9 Estavam Macedo Lima, vem a p\u00fablico informar que tomou conhecimento do referido processo pela m\u00eddia.<\/p>\n<p>Que a cantora at\u00e9 a presente data n\u00e3o foi citada de nenhuma a\u00e7\u00e3o que venha a lhe imputar o fato que est\u00e1 sendo noticiado. Que as acusa\u00e7\u00f5es s\u00e3o falsas, inver\u00eddicas e v\u00eam em um momento oportunista em raz\u00e3o do crescimento exponencial da carreira da artista. Informa, ainda, que nunca ofendeu ou discriminou qualquer pessoa.<\/p>\n<p>Causa estranheza as acusa\u00e7\u00f5es de racismo, pois at\u00e9 a presente data a artista n\u00e3o recebeu qualquer notifica\u00e7\u00e3o das autoridades policiais sobre a suposta investiga\u00e7\u00e3o. Todas as medidas administrativas e judiciais ser\u00e3o adotados para proteger a honra e a intimidade da artista\u201d.<\/p>\n<p>FONTE: Catraca Livre<\/p>\n","protected":false},"excerpt":{"rendered":"<p>Lu\u00edsa Sonza\u00a0est\u00e1 sendo processada por ato de\u00a0racismo, e rebateu as acusa\u00e7\u00f5es em seu perfil no\u00a0Twitter, na quinta-feira, 17. Segundo a advogada Isabel Macedo de Jesus, a cantora cometeu o crime, em setembro de 2018, durante um festival gastron\u00f4mico em Fernando &hellip; <a href=\"https:\/\/slz612.com.br\/index.php\/2020\/09\/18\/queridinha-da-internet-e-processada-por-racismo-mas-nega\/\">Continue lendo <span class=\"meta-nav\">&rarr;<\/span><\/a><\/p>\n","protected":false},"author":1,"featured_media":0,"comment_status":"open","ping_status":"open","sticky":false,"template":"","format":"standard","meta":[],"categories":[7],"tags":[],"_links":{"self":[{"href":"https:\/\/slz612.com.br\/index.php\/wp-json\/wp\/v2\/posts\/1357"}],"collection":[{"href":"https:\/\/slz612.com.br\/index.php\/wp-json\/wp\/v2\/posts"}],"about":[{"href":"https:\/\/slz612.com.br\/index.php\/wp-json\/wp\/v2\/types\/post"}],"author":[{"embeddable":true,"href":"https:\/\/slz612.com.br\/index.php\/wp-json\/wp\/v2\/users\/1"}],"replies":[{"embeddable":true,"href":"https:\/\/slz612.com.br\/index.php\/wp-json\/wp\/v2\/comments?post=1357"}],"version-history":[{"count":1,"href":"https:\/\/slz612.com.br\/index.php\/wp-json\/wp\/v2\/posts\/1357\/revisions"}],"predecessor-version":[{"id":1359,"href":"https:\/\/slz612.com.br\/index.php\/wp-json\/wp\/v2\/posts\/1357\/revisions\/1359"}],"wp:attachment":[{"href":"https:\/\/slz612.com.br\/index.php\/wp-json\/wp\/v2\/media?parent=1357"}],"wp:term":[{"taxonomy":"category","embeddable":true,"href":"https:\/\/slz612.com.br\/index.php\/wp-json\/wp\/v2\/categories?post=1357"},{"taxonomy":"post_tag","embeddable":true,"href":"https:\/\/slz612.com.br\/index.php\/wp-json\/wp\/v2\/tags?post=1357"}],"curies":[{"name":"wp","href":"https:\/\/api.w.org\/{rel}","templated":true}]}}