{"id":1174,"date":"2020-08-06T10:25:23","date_gmt":"2020-08-06T13:25:23","guid":{"rendered":"https:\/\/slz612.com.br\/?p=1174"},"modified":"2020-08-06T10:26:12","modified_gmt":"2020-08-06T13:26:12","slug":"os-110-anos-de-um-dos-maiores-genios-da-musica-popular-brasileira","status":"publish","type":"post","link":"https:\/\/slz612.com.br\/index.php\/2020\/08\/06\/os-110-anos-de-um-dos-maiores-genios-da-musica-popular-brasileira\/","title":{"rendered":"Os 110 anos de um dos g\u00eanios da m\u00fasica popular brasileira"},"content":{"rendered":"<div id=\"attachment_1176\" style=\"width: 1930px\" class=\"wp-caption aligncenter\"><img aria-describedby=\"caption-attachment-1176\" loading=\"lazy\" class=\"size-full wp-image-1176\" src=\"https:\/\/slz612.com.br\/wp-content\/uploads\/2020\/08\/adoniran.jpg\" alt=\"\" width=\"1920\" height=\"1112\" srcset=\"https:\/\/slz612.com.br\/wp-content\/uploads\/2020\/08\/adoniran.jpg 1920w, https:\/\/slz612.com.br\/wp-content\/uploads\/2020\/08\/adoniran-300x174.jpg 300w, https:\/\/slz612.com.br\/wp-content\/uploads\/2020\/08\/adoniran-1024x593.jpg 1024w, https:\/\/slz612.com.br\/wp-content\/uploads\/2020\/08\/adoniran-768x445.jpg 768w, https:\/\/slz612.com.br\/wp-content\/uploads\/2020\/08\/adoniran-1536x890.jpg 1536w, https:\/\/slz612.com.br\/wp-content\/uploads\/2020\/08\/adoniran-500x290.jpg 500w\" sizes=\"(max-width: 1920px) 100vw, 1920px\" \/><p id=\"caption-attachment-1176\" class=\"wp-caption-text\">Adoniran Barbosa foi um dos g\u00eanios da m\u00fasica brasileira<\/p><\/div>\n<p>Como n\u00e3o ter uma\u00a0<em>baita de uma reiva<\/em>\u00a0de ir em um samba quando n\u00e3o encontremo ningu\u00e9m? Ainda mais se esperava tomar uma\u00a0<em>frechada<\/em>\u00a0do olhar da pessoa amada. Um cora\u00e7\u00e3o que vira uma\u00a0<em>taubua de tiro ao \u00e1lvaro<\/em>, que n\u00e3o tem mais onde<em>\u00a0frechar<\/em>. N\u00e3o adianta. Tem que ir embora, o \u00faltimo trem \u00e9 agora \u00e0s 11 horas. Em ritmo de divers\u00e3o e nostalgia, os versos e os batuques ternos de Adoniran Barbosa (nome art\u00edstico de Jo\u00e3o Rubinato), que nasceu em 6 de agosto de 1910 (h\u00e1 110 anos, em Valinhos-SP), ousavam.<\/p>\n<p>Ele criou\u00a0um tipo de samba paulistano que enaltecia a mem\u00f3ria e o cotidiano de imigrantes pobres e seus descendentes. Gente de sotaque misturado e italianado, com as dificuldades dos oper\u00e1rios que ajudavam a construir a maior cidade do Brasil. Can\u00e7\u00f5es que traziam tem\u00e1tica social, como a falta de habita\u00e7\u00e3o, a saudade e as dores\u00a0da maloca. A m\u00fasica que fez o pa\u00eds identificar bairros como Br\u00e1s, Mooca, Bixiga, Ja\u00e7an\u00e3 e Casa Verde, por exemplo, \u00e9 reconhecida como marco na hist\u00f3ria do samba, legado de um artista que brincava com os plurais e se consagrou como singular.\u00a0 Para quem estudou o sambista, tem\u00a0<em>outras coisa, vortemo<\/em>\u00a0ao acervo e ao tempo.\u00a0<em>\u00d3i nois aqui traveiz<\/em>, como cantava. Adoniran morreu em 1982.<img src=\"https:\/\/agenciabrasil.ebc.com.br\/ebc.png?id=1313087&amp;o=node\" \/><img src=\"https:\/\/agenciabrasil.ebc.com.br\/ebc.gif?id=1313087&amp;o=node\" \/><\/p>\n<p>Para o cineasta Pedro Serrano, que dirigiu o filme\u00a0<em>Adoniran \u2013 Meu nome \u00e9 Jo\u00e3o Rubinato<\/em>, ainda hoje visitar e ouvir a obra do m\u00fasico \u00e9 reconhecer uma identidade nacional. &#8220;\u00c9 muito importante que pessoas que n\u00e3o tiveram contato (como os mais jovens) possam saber mais sobre quem foi o artista&#8221;, disse em entrevista \u00e0\u00a0<strong>Ag\u00eancia Brasil.<\/strong>\u00a0Serrano afirma que se aproximou da hist\u00f3ria de Adoniran desde a inf\u00e2ncia. Inicialmente, realizou o curta metragem de fic\u00e7\u00e3o\u00a0<em>D\u00e1 licen\u00e7a de contar<\/em>, baseado em personagens da m\u00fasica\u00a0<em>Saudosa Maloca<\/em>.<\/p>\n<p>O documentarista, de 33 anos de idade, revela que tem um projeto no forno para transformar esse curta em um longa, para explorar mais personagens e a riqueza da obra do sambista. &#8220;Tem que saber falar errado&#8221; \u201cEu sempre gostei de samba. Ningu\u00e9m queria nada com as minhas letras. Tem que saber falar errado\u201d, dizia o artista. O sucesso na m\u00fasica veio na d\u00e9cada de 1950 quando o grupo Dem\u00f4nios da Garoa cantou\u00a0<em>Saudosa Maloca<\/em>. Em 1964,\u00a0<em>Trem das Onze<\/em>\u00a0levou o grupo ao auge. Em 1980, a consagrada cantora Elis Regina emprestou nova interpreta\u00e7\u00e3o para\u00a0<em>Tiro ao \u00e1lvaro<\/em>.<\/p>\n<p>\u201cEu fa\u00e7o samba dos meus bairros\u201d. O programa<em>\u00a0Na trilha da hist\u00f3ri<\/em>a, da\u00a0<strong>R\u00e1dio Nacional, da Empresa Brasil de Comunica\u00e7\u00e3o<\/strong>, traz trechos do acervo que destacam a irrever\u00eancia e o pensamento do artista. No mesmo programa, veiculado em fevereiro deste ano, o cineasta Pedro Serrano, diretor do document\u00e1rio sobre Adoniran, explica as inven\u00e7\u00f5es como em\u00a0<em>Samba do Arnesto<\/em>\u00a0(1953). \u201cErnesto existiu mesmo, mas a hist\u00f3ria n\u00e3o foi como est\u00e1 na m\u00fasica\u201d. Ernesto jura que nunca falhou com o compromisso com Adoniran. A hist\u00f3ria foi criada pelo sambista.<\/p>\n<p>Serrano conta que Adoniran foi rejeitado inicialmente como cantor. \u201cEle entra na r\u00e1dio como locutor de carnaval. Fazia de uma forma bem humorada e assim ele se destaca, se torna depois uma grande estrela como radioator c\u00f4mico\u201d. O cineasta detalhou tamb\u00e9m a import\u00e2ncia da parceria com o grupo Dem\u00f4nios da Garoa, que ecoou as can\u00e7\u00f5es. \u201cEles fizeram com que\u00a0<em>Saudosa Maloca<\/em>\u00a0(m\u00fasica de 1951) ficasse conhecida. Inicialmente, a m\u00fasica n\u00e3o fez sucesso algum. A interpreta\u00e7\u00e3o diferente, que era gaiata, se tornou um sucesso\u201d.\u00a0 A m\u00fasica, que conta a hist\u00f3ria de um despejo, ganhou novo tom. O diretor reconhece que Elis Regina (que morreu tamb\u00e9m em 1982) trouxe um olhar sens\u00edvel e at\u00e9 melanc\u00f3lico para a m\u00fasica de Adoniran.<\/p>\n<p><a href=\"http:\/\/radios.ebc.com.br\/na-trilha-da-historia\/2020\/02\/na-trilha-da-historia-homenageia-adoniran-barbosa\" target=\"_blank\" rel=\"noopener noreferrer\">Confira aqui o programa\u00a0<\/a><\/p>\n<p>A obra de Adoniran tamb\u00e9m foi visitada pelo programete\u00a0<em>Hist\u00f3ria Hoje<\/em><strong>, da R\u00e1dio Nacional.<\/strong>\u00a0Na edi\u00e7\u00e3o, um dos destaques \u00e9 que, em S\u00e3o Paulo, o m\u00fasico participou de programas de calouros no r\u00e1dio, quando escolheu o nome art\u00edstico em homenagem ao seu melhor amigo e ao cantor Luis Barbosa, \u00eddolo do sambista. O caminho do sucesso come\u00e7ou em 1934 com a m\u00fasica\u00a0<em>Dona Boa<\/em>. Ele conquistou o primeiro lugar no concurso carnavalesco promovido pela cidade de S\u00e3o Paulo. Em seguida, trabalhou por mais de 30 anos na R\u00e1dio Record como ator c\u00f4mico, discotec\u00e1rio e locutor.<\/p>\n<p><a href=\"https:\/\/radioagencianacional.ebc.com.br\/cultura\/audio\/2016-11\/historia-hoje-saiba-mais-sobre-historia-e-obra-de-adoniran-barbosa\" target=\"_blank\" rel=\"noopener noreferrer\">Clique aqui para ouvir o programa<\/a><\/p>\n<p>A\u00a0<strong>TV Brasil<\/strong>\u00a0tamb\u00e9m destacou que Adoniran cantou a cidade de S\u00e3o Paulo como ningu\u00e9m. \u201cPrefiro falar\u00a0<em>peguemo<\/em>\u00a0do que pegamos. Prefiro falar\u00a0<em>fumo<\/em>\u00a0do que fomos\u201d, apontou o sambista. A reportagem mostra as homenagens que o artista recebeu no bairro do Bixiga, onde h\u00e1, inclusive, um busto de Adoniran. Confira abaixo a reportagem<\/p>\n<p><iframe loading=\"lazy\" title=\"H\u00e1 105 anos, nascia o sambista Adoniran Barbosa\" width=\"584\" height=\"329\" src=\"https:\/\/www.youtube.com\/embed\/TA6gx4bP4Eg?feature=oembed\" frameborder=\"0\" allow=\"accelerometer; autoplay; encrypted-media; gyroscope; picture-in-picture\" allowfullscreen><\/iframe><\/p>\n<p>Por falar em hist\u00f3ria e nostalgia, outra reportagem da\u00a0<strong>TV Brasil<\/strong>\u00a0destacou o que seria o \u201ctrem das 11\u201d, imortalizado na can\u00e7\u00e3o de Adoniran. A estrada de ferro, que passa pelo bairro da Ja\u00e7an\u00e3, tinha um percurso do centro de S\u00e3o Paulo at\u00e9 Guarulhos, na regi\u00e3o metropolitana. O trajeto funcionou por mais de 50 anos. \u201cMas\u00a0o trem das 11 n\u00e3o existia. O acerto que Adoniran fez foi para a m\u00fasica\u201d, diz Sylvio Bittencourt, que mantinha um museu no Ja\u00e7an\u00e3 com a hist\u00f3ria do lugar.<\/p>\n<p><iframe loading=\"lazy\" title=\"Quadro Como Est\u00e1 mostra hist\u00f3ria do famoso &quot;Trem das Onze&quot;  - Rep\u00f3rter Brasil (noite)\" width=\"584\" height=\"438\" src=\"https:\/\/www.youtube.com\/embed\/pCEooLvYMTc?feature=oembed\" frameborder=\"0\" allow=\"accelerometer; autoplay; encrypted-media; gyroscope; picture-in-picture\" allowfullscreen><\/iframe><\/p>\n<p>Em 2018, Adoniran recebeu homenagem p\u00f3stuma como Cidad\u00e3o Paulistano. O compositor, que homenageou a cidade com letras trocadas e batuques em ritmo irreverente, inventava hist\u00f3rias e palavras. A fic\u00e7\u00e3o era a constru\u00e7\u00e3o art\u00edstica para falar \u201cerrado\u201d e do que passava \u00e0\u00a0sua volta. Manuel Bandeira, na d\u00e9cada de 20, tamb\u00e9m enalteceu a linguagem das ruas: &#8220;A vida n\u00e3o me chegava pelos jornais nem pelos livros Vinha da boca do povo, na l\u00edngua errada do povo. L\u00edngua certa do povo&#8221;. Confira mais no\u00a0<a href=\"https:\/\/www.ebc.com.br\/adoniran-barbosa\" target=\"_blank\" rel=\"noopener noreferrer\"><strong>acervo da EBC<\/strong><\/a>, a melancolia e a gra\u00e7a\u00a0<em>din-din donde n\u00f3is passemo dias feliz de nossa vida<\/em>, como \u00e9 a arte imortal de Adoniran.<\/p>\n<p>&nbsp;<\/p>\n<div id=\"attachment_1175\" style=\"width: 764px\" class=\"wp-caption aligncenter\"><img aria-describedby=\"caption-attachment-1175\" loading=\"lazy\" class=\"size-full wp-image-1175\" src=\"https:\/\/slz612.com.br\/wp-content\/uploads\/2020\/08\/busto-adoniran.jpg\" alt=\"\" width=\"754\" height=\"565\" srcset=\"https:\/\/slz612.com.br\/wp-content\/uploads\/2020\/08\/busto-adoniran.jpg 754w, https:\/\/slz612.com.br\/wp-content\/uploads\/2020\/08\/busto-adoniran-300x225.jpg 300w, https:\/\/slz612.com.br\/wp-content\/uploads\/2020\/08\/busto-adoniran-400x300.jpg 400w\" sizes=\"(max-width: 754px) 100vw, 754px\" \/><p id=\"caption-attachment-1175\" class=\"wp-caption-text\">Busto de Adoniran Barbosa no centro da capital Paulista<\/p><\/div>\n","protected":false},"excerpt":{"rendered":"<p>Como n\u00e3o ter uma\u00a0baita de uma reiva\u00a0de ir em um samba quando n\u00e3o encontremo ningu\u00e9m? Ainda mais se esperava tomar uma\u00a0frechada\u00a0do olhar da pessoa amada. Um cora\u00e7\u00e3o que vira uma\u00a0taubua de tiro ao \u00e1lvaro, que n\u00e3o tem mais onde\u00a0frechar. N\u00e3o &hellip; <a href=\"https:\/\/slz612.com.br\/index.php\/2020\/08\/06\/os-110-anos-de-um-dos-maiores-genios-da-musica-popular-brasileira\/\">Continue lendo <span class=\"meta-nav\">&rarr;<\/span><\/a><\/p>\n","protected":false},"author":1,"featured_media":0,"comment_status":"open","ping_status":"open","sticky":false,"template":"","format":"standard","meta":[],"categories":[6],"tags":[],"_links":{"self":[{"href":"https:\/\/slz612.com.br\/index.php\/wp-json\/wp\/v2\/posts\/1174"}],"collection":[{"href":"https:\/\/slz612.com.br\/index.php\/wp-json\/wp\/v2\/posts"}],"about":[{"href":"https:\/\/slz612.com.br\/index.php\/wp-json\/wp\/v2\/types\/post"}],"author":[{"embeddable":true,"href":"https:\/\/slz612.com.br\/index.php\/wp-json\/wp\/v2\/users\/1"}],"replies":[{"embeddable":true,"href":"https:\/\/slz612.com.br\/index.php\/wp-json\/wp\/v2\/comments?post=1174"}],"version-history":[{"count":2,"href":"https:\/\/slz612.com.br\/index.php\/wp-json\/wp\/v2\/posts\/1174\/revisions"}],"predecessor-version":[{"id":1178,"href":"https:\/\/slz612.com.br\/index.php\/wp-json\/wp\/v2\/posts\/1174\/revisions\/1178"}],"wp:attachment":[{"href":"https:\/\/slz612.com.br\/index.php\/wp-json\/wp\/v2\/media?parent=1174"}],"wp:term":[{"taxonomy":"category","embeddable":true,"href":"https:\/\/slz612.com.br\/index.php\/wp-json\/wp\/v2\/categories?post=1174"},{"taxonomy":"post_tag","embeddable":true,"href":"https:\/\/slz612.com.br\/index.php\/wp-json\/wp\/v2\/tags?post=1174"}],"curies":[{"name":"wp","href":"https:\/\/api.w.org\/{rel}","templated":true}]}}