{"id":1026,"date":"2020-06-29T11:09:55","date_gmt":"2020-06-29T14:09:55","guid":{"rendered":"https:\/\/slz612.com.br\/?p=1026"},"modified":"2020-06-29T11:09:55","modified_gmt":"2020-06-29T14:09:55","slug":"aumento-do-auxilio-emergencial-e-acoes-na-educacao-na-pauta-do-congresso","status":"publish","type":"post","link":"https:\/\/slz612.com.br\/index.php\/2020\/06\/29\/aumento-do-auxilio-emergencial-e-acoes-na-educacao-na-pauta-do-congresso\/","title":{"rendered":"Aumento do aux\u00edlio emergencial e a\u00e7\u00f5es na educa\u00e7\u00e3o na pauta do Congresso"},"content":{"rendered":"<div id=\"attachment_507\" style=\"width: 1890px\" class=\"wp-caption aligncenter\"><img aria-describedby=\"caption-attachment-507\" loading=\"lazy\" class=\"size-full wp-image-507\" src=\"https:\/\/slz612.com.br\/wp-content\/uploads\/2020\/01\/solu\u00e7\u00e3o-de-conflitos.jpeg\" alt=\"\" width=\"1880\" height=\"1253\" srcset=\"https:\/\/slz612.com.br\/wp-content\/uploads\/2020\/01\/solu\u00e7\u00e3o-de-conflitos.jpeg 1880w, https:\/\/slz612.com.br\/wp-content\/uploads\/2020\/01\/solu\u00e7\u00e3o-de-conflitos-300x200.jpeg 300w, https:\/\/slz612.com.br\/wp-content\/uploads\/2020\/01\/solu\u00e7\u00e3o-de-conflitos-1024x682.jpeg 1024w, https:\/\/slz612.com.br\/wp-content\/uploads\/2020\/01\/solu\u00e7\u00e3o-de-conflitos-768x512.jpeg 768w, https:\/\/slz612.com.br\/wp-content\/uploads\/2020\/01\/solu\u00e7\u00e3o-de-conflitos-1536x1024.jpeg 1536w, https:\/\/slz612.com.br\/wp-content\/uploads\/2020\/01\/solu\u00e7\u00e3o-de-conflitos-450x300.jpeg 450w\" sizes=\"(max-width: 1880px) 100vw, 1880px\" \/><p id=\"caption-attachment-507\" class=\"wp-caption-text\">Congresso discute medidas para educa\u00e7\u00e3o<\/p><\/div>\n<p>A MP 934\/2020 tamb\u00e9m consta da pauta de ter\u00e7a-feira no Congresso Nacional. Pelo texto, o estabelecimento de ensino de educa\u00e7\u00e3o b\u00e1sica e superior fica dispensado, em car\u00e1ter excepcional, da obrigatoriedade de observ\u00e2ncia ao m\u00ednimo de dias de efetivo trabalho escolar devido \u00e0 pandemia. A carga hor\u00e1ria m\u00ednima, por\u00e9m, deve ser cumprida.<\/p>\n<p>A Lei de Diretrizes e Bases da Educa\u00e7\u00e3o estabelece 200 dias de ano letivo para a educa\u00e7\u00e3o b\u00e1sica (do ensino infantil ao m\u00e9dio) e ensino superior, e carga m\u00ednima de 800 horas.<\/p>\n<p>A MP tamb\u00e9m permite \u00e0s universidades reduzirem a dura\u00e7\u00e3o dos cursos de medicina, farm\u00e1cia, enfermagem e fisioterapia, desde que o aluno cumpra 75% da carga hor\u00e1ria do internato, que acontece nos dois \u00faltimos anos de medicina para viv\u00eancia pr\u00e1tica da profiss\u00e3o; e do est\u00e1gio curricular obrigat\u00f3rio respectivos cursos.<\/p>\n<p><strong>Aux\u00edlio emergencial<\/strong><\/p>\n<p>Tanto no Senado quanto na C\u00e2mara dos Deputados seguem nesta semana os debates sobre a amplia\u00e7\u00e3o do pagamento das parcelas do aux\u00edlio emergencial devido \u00e0 pandemia de covid. A possibilidade de o governo pagar mais tr\u00eas parcelas do aux\u00edlio emergencial com valores menores do que os atuais R$ 600, anunciada pelo presidente\u00a0<strong><a href=\"https:\/\/congressoemfoco.uol.com.br\/governo\/bolsonaro-diz-que-nao-pode-ter-excesso-de-preocupacao-com-covid-19\/\">Jair Bolsonaro na quinta-feira (25)<\/a><\/strong>, foi criticada por diferentes senadores.<\/p>\n<p>Os valores seriam de R$ 500, R$ 400 e R$ 300, somando assim mais R$ 1.200, al\u00e9m das tr\u00eas parcelas de R$ 600 j\u00e1 previstas na\u00a0<strong><a href=\"https:\/\/congressoemfoco.uol.com.br\/saude\/senado-aprova-auxilio-emergencial-de-r-600-para-trabalhadores-informais\/\">lei aprovada pelo Congresso<\/a><\/strong>. Os parlamentares, no entanto, defendem a prorroga\u00e7\u00e3o do benef\u00edcio sem redu\u00e7\u00e3o do valor original por dois meses ou, conforme alguns, at\u00e9 acabar a pandemia.<\/p>\n<p>Mat\u00e9ria completa em congressoemfoco.uol.com.br<\/p>\n","protected":false},"excerpt":{"rendered":"<p>A MP 934\/2020 tamb\u00e9m consta da pauta de ter\u00e7a-feira no Congresso Nacional. Pelo texto, o estabelecimento de ensino de educa\u00e7\u00e3o b\u00e1sica e superior fica dispensado, em car\u00e1ter excepcional, da obrigatoriedade de observ\u00e2ncia ao m\u00ednimo de dias de efetivo trabalho escolar &hellip; <a href=\"https:\/\/slz612.com.br\/index.php\/2020\/06\/29\/aumento-do-auxilio-emergencial-e-acoes-na-educacao-na-pauta-do-congresso\/\">Continue lendo <span class=\"meta-nav\">&rarr;<\/span><\/a><\/p>\n","protected":false},"author":1,"featured_media":0,"comment_status":"open","ping_status":"open","sticky":false,"template":"","format":"standard","meta":[],"categories":[5],"tags":[],"_links":{"self":[{"href":"https:\/\/slz612.com.br\/index.php\/wp-json\/wp\/v2\/posts\/1026"}],"collection":[{"href":"https:\/\/slz612.com.br\/index.php\/wp-json\/wp\/v2\/posts"}],"about":[{"href":"https:\/\/slz612.com.br\/index.php\/wp-json\/wp\/v2\/types\/post"}],"author":[{"embeddable":true,"href":"https:\/\/slz612.com.br\/index.php\/wp-json\/wp\/v2\/users\/1"}],"replies":[{"embeddable":true,"href":"https:\/\/slz612.com.br\/index.php\/wp-json\/wp\/v2\/comments?post=1026"}],"version-history":[{"count":1,"href":"https:\/\/slz612.com.br\/index.php\/wp-json\/wp\/v2\/posts\/1026\/revisions"}],"predecessor-version":[{"id":1027,"href":"https:\/\/slz612.com.br\/index.php\/wp-json\/wp\/v2\/posts\/1026\/revisions\/1027"}],"wp:attachment":[{"href":"https:\/\/slz612.com.br\/index.php\/wp-json\/wp\/v2\/media?parent=1026"}],"wp:term":[{"taxonomy":"category","embeddable":true,"href":"https:\/\/slz612.com.br\/index.php\/wp-json\/wp\/v2\/categories?post=1026"},{"taxonomy":"post_tag","embeddable":true,"href":"https:\/\/slz612.com.br\/index.php\/wp-json\/wp\/v2\/tags?post=1026"}],"curies":[{"name":"wp","href":"https:\/\/api.w.org\/{rel}","templated":true}]}}